{"id":3636,"date":"2020-03-24T20:16:13","date_gmt":"2020-03-24T23:16:13","guid":{"rendered":"https:\/\/www.tribunanf.com.br\/blogdoralfereis\/?p=3636"},"modified":"2020-03-24T20:16:13","modified_gmt":"2020-03-24T23:16:13","slug":"clarissa-garotinho-apresenta-projeto-de-lei-para-transferir-dinheiro-do-fundo-eleitoral-para-combate-ao-coronavirus","status":"publish","type":"post","link":"https:\/\/www.tribunanf.com.br\/blogdoralfereis\/2020\/03\/24\/clarissa-garotinho-apresenta-projeto-de-lei-para-transferir-dinheiro-do-fundo-eleitoral-para-combate-ao-coronavirus\/","title":{"rendered":"Clarissa Garotinho apresenta projeto de lei para transferir dinheiro do fundo eleitoral para combate ao coronav\u00edrus"},"content":{"rendered":"<p><img loading=\"lazy\" decoding=\"async\" class=\"aligncenter size-full wp-image-2043\" src=\"https:\/\/www.tribunanf.com.br\/blogdoralfereis\/wp-content\/uploads\/sites\/11\/2019\/05\/csm_clarissa-e-garotinho_c1388d4d09.jpeg\" alt=\"\" width=\"730\" height=\"584\" srcset=\"https:\/\/www.tribunanf.com.br\/blogdoralfereis\/wp-content\/uploads\/sites\/11\/2019\/05\/csm_clarissa-e-garotinho_c1388d4d09.jpeg 730w, https:\/\/www.tribunanf.com.br\/blogdoralfereis\/wp-content\/uploads\/sites\/11\/2019\/05\/csm_clarissa-e-garotinho_c1388d4d09-300x240.jpeg 300w\" sizes=\"auto, (max-width: 730px) 100vw, 730px\" \/><\/p>\n<p style=\"text-align: justify;\">A deputada federal Clarissa Garotinho (PROS) apresentou um projeto de lei que transfere os recursos do Fundo Especial de Financiamento de Campanhas para auxiliar no enfrentamento do coronav\u00edrus.<\/p>\n<p style=\"text-align: justify;\"><em>&#8220;N\u00e3o existe nada mais importante no Brasil, hoje, do que combater o avan\u00e7o do coronav\u00edrus. Com meu projeto, ser\u00e3o mais de R$ 2bi \u00e0 disposi\u00e7\u00e3o para minimizar o sofrimento da popula\u00e7\u00e3o e ajudar no enfrentamento da crise que ter\u00e1 impactos na economia.&#8221;, <\/em>disse Clarissa Garotinho.<\/p>\n<p style=\"text-align: justify;\">A deputada j\u00e1 havia <a href=\"https:\/\/www.tribunanf.com.br\/blogdoralfereis\/2020\/03\/22\/clarissa-garotinho-defende-adiamento-das-eleicoes-e-uso-do-fundo-partidario-no-combate-ao-coronavirus\/\">se posicionado a favor do adiamento das elei\u00e7\u00f5es deste ano e a transfer\u00eancia dos recursos para o combate ao coronav\u00edrus<\/a>.<\/p>\n<blockquote class=\"twitter-tweet\" data-width=\"550\" data-dnt=\"true\">\n<p lang=\"pt\" dir=\"ltr\">N\u00e3o existe nada mais importante no Brasil, hoje, do que combater o avan\u00e7o do coronav\u00edrus. Com meu projeto, ser\u00e3o mais de R$ 2bi \u00e0 disposi\u00e7\u00e3o para minimizar o sofrimento da popula\u00e7\u00e3o e ajudar no enfrentamento da crise que ter\u00e1 impactos na economia.<br \/> <a href=\"https:\/\/twitter.com\/hashtag\/coronavirus?src=hash&amp;ref_src=twsrc%5Etfw\" target=\"_blank\" rel=\"noopener\">#coronavirus<\/a> <a href=\"https:\/\/twitter.com\/hashtag\/FiqueEmCasa?src=hash&amp;ref_src=twsrc%5Etfw\" target=\"_blank\" rel=\"noopener\">#FiqueEmCasa<\/a> <a href=\"https:\/\/t.co\/vDbUX6aDuz\">pic.twitter.com\/vDbUX6aDuz<\/a><\/p>\n<p>&mdash; Clarissa Garotinho (@dep_clarissa) <a href=\"https:\/\/twitter.com\/dep_clarissa\/status\/1242577818925568000?ref_src=twsrc%5Etfw\" target=\"_blank\" rel=\"noopener\">March 24, 2020<\/a><\/p><\/blockquote>\n<p><script async src=\"https:\/\/platform.twitter.com\/widgets.js\" charset=\"utf-8\"><\/script><\/p>\n","protected":false},"excerpt":{"rendered":"<p>A deputada federal Clarissa Garotinho (PROS) apresentou um projeto de lei que transfere os recursos do Fundo Especial de Financiamento&#8230;<\/p>\n","protected":false},"author":2,"featured_media":2043,"comment_status":"open","ping_status":"open","sticky":false,"template":"","format":"standard","meta":{"colormag_page_container_layout":"default_layout","colormag_page_sidebar_layout":"default_layout","jetpack_post_was_ever_published":false,"_jetpack_newsletter_access":"","_jetpack_dont_email_post_to_subs":false,"_jetpack_newsletter_tier_id":0,"_jetpack_memberships_contains_paywalled_content":false,"_jetpack_memberships_contains_paid_content":false,"footnotes":""},"categories":[2],"tags":[],"class_list":["post-3636","post","type-post","status-publish","format-standard","has-post-thumbnail","hentry","category-politica"],"jetpack_featured_media_url":"https:\/\/www.tribunanf.com.br\/blogdoralfereis\/wp-content\/uploads\/sites\/11\/2019\/05\/csm_clarissa-e-garotinho_c1388d4d09.jpeg","jetpack_sharing_enabled":true,"_links":{"self":[{"href":"https:\/\/www.tribunanf.com.br\/blogdoralfereis\/wp-json\/wp\/v2\/posts\/3636","targetHints":{"allow":["GET"]}}],"collection":[{"href":"https:\/\/www.tribunanf.com.br\/blogdoralfereis\/wp-json\/wp\/v2\/posts"}],"about":[{"href":"https:\/\/www.tribunanf.com.br\/blogdoralfereis\/wp-json\/wp\/v2\/types\/post"}],"author":[{"embeddable":true,"href":"https:\/\/www.tribunanf.com.br\/blogdoralfereis\/wp-json\/wp\/v2\/users\/2"}],"replies":[{"embeddable":true,"href":"https:\/\/www.tribunanf.com.br\/blogdoralfereis\/wp-json\/wp\/v2\/comments?post=3636"}],"version-history":[{"count":0,"href":"https:\/\/www.tribunanf.com.br\/blogdoralfereis\/wp-json\/wp\/v2\/posts\/3636\/revisions"}],"wp:featuredmedia":[{"embeddable":true,"href":"https:\/\/www.tribunanf.com.br\/blogdoralfereis\/wp-json\/wp\/v2\/media\/2043"}],"wp:attachment":[{"href":"https:\/\/www.tribunanf.com.br\/blogdoralfereis\/wp-json\/wp\/v2\/media?parent=3636"}],"wp:term":[{"taxonomy":"category","embeddable":true,"href":"https:\/\/www.tribunanf.com.br\/blogdoralfereis\/wp-json\/wp\/v2\/categories?post=3636"},{"taxonomy":"post_tag","embeddable":true,"href":"https:\/\/www.tribunanf.com.br\/blogdoralfereis\/wp-json\/wp\/v2\/tags?post=3636"}],"curies":[{"name":"wp","href":"https:\/\/api.w.org\/{rel}","templated":true}]}}