{"id":3528,"date":"2020-03-09T21:30:12","date_gmt":"2020-03-10T00:30:12","guid":{"rendered":"https:\/\/www.tribunanf.com.br\/blogdoralfereis\/?p=3528"},"modified":"2020-03-09T21:37:17","modified_gmt":"2020-03-10T00:37:17","slug":"bolsonaro-afirma-ter-provas-de-que-foi-eleito-em-primeiro-turno-e-diz-que-teve-fraude-nas-eleicoes","status":"publish","type":"post","link":"https:\/\/www.tribunanf.com.br\/blogdoralfereis\/2020\/03\/09\/bolsonaro-afirma-ter-provas-de-que-foi-eleito-em-primeiro-turno-e-diz-que-teve-fraude-nas-eleicoes\/","title":{"rendered":"Bolsonaro afirma ter provas de que foi eleito em primeiro turno e diz que teve fraude nas elei\u00e7\u00f5es"},"content":{"rendered":"<figure id=\"attachment_3530\" aria-describedby=\"caption-attachment-3530\" style=\"width: 1086px\" class=\"wp-caption aligncenter\"><img loading=\"lazy\" decoding=\"async\" class=\"wp-image-3530 size-full\" src=\"https:\/\/www.tribunanf.com.br\/blogdoralfereis\/wp-content\/uploads\/sites\/11\/2020\/03\/xJair_Bolsonaro.jpg.pagespeed.ic_.3goxeg47St.jpg\" alt=\"\" width=\"1086\" height=\"652\" srcset=\"https:\/\/www.tribunanf.com.br\/blogdoralfereis\/wp-content\/uploads\/sites\/11\/2020\/03\/xJair_Bolsonaro.jpg.pagespeed.ic_.3goxeg47St.jpg 1086w, https:\/\/www.tribunanf.com.br\/blogdoralfereis\/wp-content\/uploads\/sites\/11\/2020\/03\/xJair_Bolsonaro.jpg.pagespeed.ic_.3goxeg47St-300x180.jpg 300w, https:\/\/www.tribunanf.com.br\/blogdoralfereis\/wp-content\/uploads\/sites\/11\/2020\/03\/xJair_Bolsonaro.jpg.pagespeed.ic_.3goxeg47St-1024x615.jpg 1024w, https:\/\/www.tribunanf.com.br\/blogdoralfereis\/wp-content\/uploads\/sites\/11\/2020\/03\/xJair_Bolsonaro.jpg.pagespeed.ic_.3goxeg47St-768x461.jpg 768w\" sizes=\"auto, (max-width: 1086px) 100vw, 1086px\" \/><figcaption id=\"caption-attachment-3530\" class=\"wp-caption-text\">Bolsonaro: fraude nas elei\u00e7\u00f5es<\/figcaption><\/figure>\n<p style=\"text-align: justify;\">O Presidente Jair Bolsonaro afirmou, nesta segunda-feira (9), que tem provas de que foi eleito em primeiro turno nas elei\u00e7\u00f5es de 2018. O presidente disse que no seu entender houve fraude nas elei\u00e7\u00f5es.<\/p>\n<p style=\"text-align: justify;\">Bolsonaro promete mostrar as provas.<\/p>\n<p>Assista:<\/p>\n<blockquote class=\"twitter-tweet\" data-width=\"550\" data-dnt=\"true\">\n<p lang=\"pt\" dir=\"ltr\">Agora h\u00e1 pouco, o presidente Jair Bolsonaro disse ter provas de que foi eleito em primeiro turno <a href=\"https:\/\/twitter.com\/hashtag\/JornalDaRecord?src=hash&amp;ref_src=twsrc%5Etfw\" target=\"_blank\" rel=\"noopener\">#JornalDaRecord<\/a> <a href=\"https:\/\/twitter.com\/hashtag\/JR24H?src=hash&amp;ref_src=twsrc%5Etfw\" target=\"_blank\" rel=\"noopener\">#JR24H<\/a> <a href=\"https:\/\/t.co\/DMpdcfCICF\">pic.twitter.com\/DMpdcfCICF<\/a><\/p>\n<p>&mdash; Jornal da Record (@jornaldarecord) <a href=\"https:\/\/twitter.com\/jornaldarecord\/status\/1237155766978646016?ref_src=twsrc%5Etfw\" target=\"_blank\" rel=\"noopener\">March 9, 2020<\/a><\/p><\/blockquote>\n<p><script async src=\"https:\/\/platform.twitter.com\/widgets.js\" charset=\"utf-8\"><\/script><\/p>\n","protected":false},"excerpt":{"rendered":"<p>O Presidente Jair Bolsonaro afirmou, nesta segunda-feira (9), que tem provas de que foi eleito em primeiro turno nas elei\u00e7\u00f5es&#8230;<\/p>\n","protected":false},"author":2,"featured_media":3530,"comment_status":"open","ping_status":"open","sticky":false,"template":"","format":"standard","meta":{"colormag_page_container_layout":"default_layout","colormag_page_sidebar_layout":"default_layout","jetpack_post_was_ever_published":false,"_jetpack_newsletter_access":"","_jetpack_dont_email_post_to_subs":false,"_jetpack_newsletter_tier_id":0,"_jetpack_memberships_contains_paywalled_content":false,"_jetpack_memberships_contains_paid_content":false,"footnotes":""},"categories":[2],"tags":[47,22,46],"class_list":["post-3528","post","type-post","status-publish","format-standard","has-post-thumbnail","hentry","category-politica","tag-eleicoes","tag-fraude","tag-jair-bolsonaro"],"jetpack_featured_media_url":"https:\/\/www.tribunanf.com.br\/blogdoralfereis\/wp-content\/uploads\/sites\/11\/2020\/03\/xJair_Bolsonaro.jpg.pagespeed.ic_.3goxeg47St.jpg","jetpack_sharing_enabled":true,"_links":{"self":[{"href":"https:\/\/www.tribunanf.com.br\/blogdoralfereis\/wp-json\/wp\/v2\/posts\/3528","targetHints":{"allow":["GET"]}}],"collection":[{"href":"https:\/\/www.tribunanf.com.br\/blogdoralfereis\/wp-json\/wp\/v2\/posts"}],"about":[{"href":"https:\/\/www.tribunanf.com.br\/blogdoralfereis\/wp-json\/wp\/v2\/types\/post"}],"author":[{"embeddable":true,"href":"https:\/\/www.tribunanf.com.br\/blogdoralfereis\/wp-json\/wp\/v2\/users\/2"}],"replies":[{"embeddable":true,"href":"https:\/\/www.tribunanf.com.br\/blogdoralfereis\/wp-json\/wp\/v2\/comments?post=3528"}],"version-history":[{"count":0,"href":"https:\/\/www.tribunanf.com.br\/blogdoralfereis\/wp-json\/wp\/v2\/posts\/3528\/revisions"}],"wp:featuredmedia":[{"embeddable":true,"href":"https:\/\/www.tribunanf.com.br\/blogdoralfereis\/wp-json\/wp\/v2\/media\/3530"}],"wp:attachment":[{"href":"https:\/\/www.tribunanf.com.br\/blogdoralfereis\/wp-json\/wp\/v2\/media?parent=3528"}],"wp:term":[{"taxonomy":"category","embeddable":true,"href":"https:\/\/www.tribunanf.com.br\/blogdoralfereis\/wp-json\/wp\/v2\/categories?post=3528"},{"taxonomy":"post_tag","embeddable":true,"href":"https:\/\/www.tribunanf.com.br\/blogdoralfereis\/wp-json\/wp\/v2\/tags?post=3528"}],"curies":[{"name":"wp","href":"https:\/\/api.w.org\/{rel}","templated":true}]}}