{"id":3525,"date":"2020-03-09T16:41:51","date_gmt":"2020-03-09T19:41:51","guid":{"rendered":"https:\/\/www.tribunanf.com.br\/blogdoralfereis\/?p=3525"},"modified":"2020-03-09T16:41:51","modified_gmt":"2020-03-09T19:41:51","slug":"psd-fecha-acordo-com-alianca-no-rio","status":"publish","type":"post","link":"https:\/\/www.tribunanf.com.br\/blogdoralfereis\/2020\/03\/09\/psd-fecha-acordo-com-alianca-no-rio\/","title":{"rendered":"PSD fecha acordo com Alian\u00e7a no Rio"},"content":{"rendered":"<p><img loading=\"lazy\" decoding=\"async\" class=\"aligncenter size-full wp-image-3526\" src=\"https:\/\/www.tribunanf.com.br\/blogdoralfereis\/wp-content\/uploads\/sites\/11\/2020\/03\/Arolde-628x353-1.jpg\" alt=\"\" width=\"628\" height=\"353\" srcset=\"https:\/\/www.tribunanf.com.br\/blogdoralfereis\/wp-content\/uploads\/sites\/11\/2020\/03\/Arolde-628x353-1.jpg 628w, https:\/\/www.tribunanf.com.br\/blogdoralfereis\/wp-content\/uploads\/sites\/11\/2020\/03\/Arolde-628x353-1-300x169.jpg 300w\" sizes=\"auto, (max-width: 628px) 100vw, 628px\" \/><\/p>\n<p style=\"text-align: justify;\">O senador Arolde de Oliveira, presidente do PSD no Rio de Janeiro, recebeu o aval de Gilberto Kassab para acolher nomes da Alian\u00e7a pelo Brasil e lan\u00e7\u00e1-los candidatos em munic\u00edpios do Rio de Janeiro.<\/p>\n<p style=\"text-align: justify;\">A Alian\u00e7a n\u00e3o conseguiu o n\u00famero de assinaturas suficientes para ser criado a tempo das elei\u00e7\u00f5es municipais deste ano.<\/p>\n<p style=\"text-align: justify;\">Arolde \u00e9 muito pr\u00f3ximo do senador Fl\u00e1vio Bolsonaro, que ser\u00e1 o vice-presidente do futuro partido da fam\u00edlia do presidente da Rep\u00fablica.<\/p>\n<p style=\"text-align: justify;\">Na capital fluminense, como j\u00e1 registramos, o PSD ter\u00e1 como candidato o deputado federal Hugo Leal.<\/p>\n<p style=\"text-align: justify;\">O Antagonista*<\/p>\n","protected":false},"excerpt":{"rendered":"<p>O senador Arolde de Oliveira, presidente do PSD no Rio de Janeiro, recebeu o aval de Gilberto Kassab para acolher&#8230;<\/p>\n","protected":false},"author":2,"featured_media":3526,"comment_status":"open","ping_status":"open","sticky":false,"template":"","format":"standard","meta":{"colormag_page_container_layout":"default_layout","colormag_page_sidebar_layout":"default_layout","jetpack_post_was_ever_published":false,"_jetpack_newsletter_access":"","_jetpack_dont_email_post_to_subs":false,"_jetpack_newsletter_tier_id":0,"_jetpack_memberships_contains_paywalled_content":false,"_jetpack_memberships_contains_paid_content":false,"footnotes":""},"categories":[2],"tags":[],"class_list":["post-3525","post","type-post","status-publish","format-standard","has-post-thumbnail","hentry","category-politica"],"jetpack_featured_media_url":"https:\/\/www.tribunanf.com.br\/blogdoralfereis\/wp-content\/uploads\/sites\/11\/2020\/03\/Arolde-628x353-1.jpg","jetpack_sharing_enabled":true,"_links":{"self":[{"href":"https:\/\/www.tribunanf.com.br\/blogdoralfereis\/wp-json\/wp\/v2\/posts\/3525","targetHints":{"allow":["GET"]}}],"collection":[{"href":"https:\/\/www.tribunanf.com.br\/blogdoralfereis\/wp-json\/wp\/v2\/posts"}],"about":[{"href":"https:\/\/www.tribunanf.com.br\/blogdoralfereis\/wp-json\/wp\/v2\/types\/post"}],"author":[{"embeddable":true,"href":"https:\/\/www.tribunanf.com.br\/blogdoralfereis\/wp-json\/wp\/v2\/users\/2"}],"replies":[{"embeddable":true,"href":"https:\/\/www.tribunanf.com.br\/blogdoralfereis\/wp-json\/wp\/v2\/comments?post=3525"}],"version-history":[{"count":0,"href":"https:\/\/www.tribunanf.com.br\/blogdoralfereis\/wp-json\/wp\/v2\/posts\/3525\/revisions"}],"wp:featuredmedia":[{"embeddable":true,"href":"https:\/\/www.tribunanf.com.br\/blogdoralfereis\/wp-json\/wp\/v2\/media\/3526"}],"wp:attachment":[{"href":"https:\/\/www.tribunanf.com.br\/blogdoralfereis\/wp-json\/wp\/v2\/media?parent=3525"}],"wp:term":[{"taxonomy":"category","embeddable":true,"href":"https:\/\/www.tribunanf.com.br\/blogdoralfereis\/wp-json\/wp\/v2\/categories?post=3525"},{"taxonomy":"post_tag","embeddable":true,"href":"https:\/\/www.tribunanf.com.br\/blogdoralfereis\/wp-json\/wp\/v2\/tags?post=3525"}],"curies":[{"name":"wp","href":"https:\/\/api.w.org\/{rel}","templated":true}]}}