{"id":3521,"date":"2020-03-09T07:27:23","date_gmt":"2020-03-09T10:27:23","guid":{"rendered":"https:\/\/www.tribunanf.com.br\/blogdoralfereis\/?p=3521"},"modified":"2020-03-09T07:27:23","modified_gmt":"2020-03-09T10:27:23","slug":"mp-entra-com-acao-contra-alerj-por-causa-da-quantidade-de-cargos-comissionados","status":"publish","type":"post","link":"https:\/\/www.tribunanf.com.br\/blogdoralfereis\/2020\/03\/09\/mp-entra-com-acao-contra-alerj-por-causa-da-quantidade-de-cargos-comissionados\/","title":{"rendered":"MP entra com a\u00e7\u00e3o contra Alerj por causa da quantidade de cargos comissionados"},"content":{"rendered":"<p><img loading=\"lazy\" decoding=\"async\" class=\"aligncenter size-full wp-image-3099\" src=\"https:\/\/www.tribunanf.com.br\/blogdoralfereis\/wp-content\/uploads\/sites\/11\/2019\/12\/alerj.jpg\" alt=\"\" width=\"1600\" height=\"1200\" srcset=\"https:\/\/www.tribunanf.com.br\/blogdoralfereis\/wp-content\/uploads\/sites\/11\/2019\/12\/alerj.jpg 1600w, https:\/\/www.tribunanf.com.br\/blogdoralfereis\/wp-content\/uploads\/sites\/11\/2019\/12\/alerj-300x225.jpg 300w, https:\/\/www.tribunanf.com.br\/blogdoralfereis\/wp-content\/uploads\/sites\/11\/2019\/12\/alerj-1024x768.jpg 1024w, https:\/\/www.tribunanf.com.br\/blogdoralfereis\/wp-content\/uploads\/sites\/11\/2019\/12\/alerj-768x576.jpg 768w, https:\/\/www.tribunanf.com.br\/blogdoralfereis\/wp-content\/uploads\/sites\/11\/2019\/12\/alerj-1536x1152.jpg 1536w\" sizes=\"auto, (max-width: 1600px) 100vw, 1600px\" \/><\/p>\n<p style=\"text-align: justify;\">O Minist\u00e9rio P\u00fablico do Rio entrou com uma a\u00e7\u00e3o civil p\u00fablica contra a Assembleia Legislativa por causa da quantidade de cargos comissionados na Alerj.<\/p>\n<p style=\"text-align: justify;\">H\u00e1, segundo o MP, sete servidores comissionados para cada estatut\u00e1rio.<\/p>\n<p style=\"text-align: justify;\">Na a\u00e7\u00e3o, o MP sustenta que \u201cn\u00e3o \u00e9 de hoje\u201d o \u201cuso de cargos comissionados para o apadrinhamento\u201d e \u201cno desvio de recursos p\u00fablicos com o apoderamento de parte da remunera\u00e7\u00e3o\u201d, informa a coluna do Ancelmo Gois.<\/p>\n<p style=\"text-align: justify;\">Como se sabe&#8230;<\/p>\n<p style=\"text-align: justify;\">O caso mais emblem\u00e1tico na Alerj \u00e9 o de Fl\u00e1vio Bolsonaro, n\u00e3o s\u00f3 por causa da acusa\u00e7\u00e3o de rachadinha em seu gabinete, mas por empregar parentes como servidores comissionados \u2014 como revelou O GLOBO, ele tinha em Resende, a 180 km do Rio, nove parentes da ex-madrasta, Ana Cristina Siqueira Valle.<\/p>\n","protected":false},"excerpt":{"rendered":"<p>O Minist\u00e9rio P\u00fablico do Rio entrou com uma a\u00e7\u00e3o civil p\u00fablica contra a Assembleia Legislativa por causa da quantidade de&#8230;<\/p>\n","protected":false},"author":2,"featured_media":3099,"comment_status":"open","ping_status":"open","sticky":false,"template":"","format":"standard","meta":{"colormag_page_container_layout":"default_layout","colormag_page_sidebar_layout":"default_layout","jetpack_post_was_ever_published":false,"_jetpack_newsletter_access":"","_jetpack_dont_email_post_to_subs":false,"_jetpack_newsletter_tier_id":0,"_jetpack_memberships_contains_paywalled_content":false,"_jetpack_memberships_contains_paid_content":false,"footnotes":""},"categories":[2],"tags":[],"class_list":["post-3521","post","type-post","status-publish","format-standard","has-post-thumbnail","hentry","category-politica"],"jetpack_featured_media_url":"https:\/\/www.tribunanf.com.br\/blogdoralfereis\/wp-content\/uploads\/sites\/11\/2019\/12\/alerj.jpg","jetpack_sharing_enabled":true,"_links":{"self":[{"href":"https:\/\/www.tribunanf.com.br\/blogdoralfereis\/wp-json\/wp\/v2\/posts\/3521","targetHints":{"allow":["GET"]}}],"collection":[{"href":"https:\/\/www.tribunanf.com.br\/blogdoralfereis\/wp-json\/wp\/v2\/posts"}],"about":[{"href":"https:\/\/www.tribunanf.com.br\/blogdoralfereis\/wp-json\/wp\/v2\/types\/post"}],"author":[{"embeddable":true,"href":"https:\/\/www.tribunanf.com.br\/blogdoralfereis\/wp-json\/wp\/v2\/users\/2"}],"replies":[{"embeddable":true,"href":"https:\/\/www.tribunanf.com.br\/blogdoralfereis\/wp-json\/wp\/v2\/comments?post=3521"}],"version-history":[{"count":0,"href":"https:\/\/www.tribunanf.com.br\/blogdoralfereis\/wp-json\/wp\/v2\/posts\/3521\/revisions"}],"wp:featuredmedia":[{"embeddable":true,"href":"https:\/\/www.tribunanf.com.br\/blogdoralfereis\/wp-json\/wp\/v2\/media\/3099"}],"wp:attachment":[{"href":"https:\/\/www.tribunanf.com.br\/blogdoralfereis\/wp-json\/wp\/v2\/media?parent=3521"}],"wp:term":[{"taxonomy":"category","embeddable":true,"href":"https:\/\/www.tribunanf.com.br\/blogdoralfereis\/wp-json\/wp\/v2\/categories?post=3521"},{"taxonomy":"post_tag","embeddable":true,"href":"https:\/\/www.tribunanf.com.br\/blogdoralfereis\/wp-json\/wp\/v2\/tags?post=3521"}],"curies":[{"name":"wp","href":"https:\/\/api.w.org\/{rel}","templated":true}]}}