{"id":3478,"date":"2020-03-03T07:42:15","date_gmt":"2020-03-03T10:42:15","guid":{"rendered":"https:\/\/www.tribunanf.com.br\/blogdoralfereis\/?p=3478"},"modified":"2020-03-03T07:42:15","modified_gmt":"2020-03-03T10:42:15","slug":"azul-lanca-voo-diario-campos-x-sao-paulo-a-precos-promocionais-a-partir-de-r-21496","status":"publish","type":"post","link":"https:\/\/www.tribunanf.com.br\/blogdoralfereis\/2020\/03\/03\/azul-lanca-voo-diario-campos-x-sao-paulo-a-precos-promocionais-a-partir-de-r-21496\/","title":{"rendered":"Azul lan\u00e7a voo di\u00e1rio Campos x S\u00e3o Paulo a pre\u00e7os promocionais a partir de R$ 214,96"},"content":{"rendered":"<p><img loading=\"lazy\" decoding=\"async\" class=\"aligncenter size-full wp-image-1539\" src=\"https:\/\/www.tribunanf.com.br\/blogdoralfereis\/wp-content\/uploads\/sites\/11\/2019\/02\/azul.jpg\" alt=\"\" width=\"1024\" height=\"683\" srcset=\"https:\/\/www.tribunanf.com.br\/blogdoralfereis\/wp-content\/uploads\/sites\/11\/2019\/02\/azul.jpg 1024w, https:\/\/www.tribunanf.com.br\/blogdoralfereis\/wp-content\/uploads\/sites\/11\/2019\/02\/azul-300x200.jpg 300w, https:\/\/www.tribunanf.com.br\/blogdoralfereis\/wp-content\/uploads\/sites\/11\/2019\/02\/azul-768x512.jpg 768w\" sizes=\"auto, (max-width: 1024px) 100vw, 1024px\" \/><\/p>\n<p style=\"text-align: justify;\"><a href=\"https:\/\/www.tribunanf.com.br\/blogdoralfereis\/2020\/02\/20\/passagem-aerea-campos-x-sao-paulo-por-r-19999\/\">Seguindo os passos da concorr\u00eancia da VoePass (Passaredo)<\/a>, a Azul anunciou um voo di\u00e1rio, de segunda-feira \u00e0 sexta-feira, ligando Campos a S\u00e3o Paulo, a partir de 30 de mar\u00e7o.<\/p>\n<p style=\"text-align: justify;\">Ao contr\u00e1rio da VoePass, que far\u00e1 um voo direto, o voo da Azul ter\u00e1 conex\u00e3o. Na ida, do Aeroporto Bartolomeu Lisandro para o Aeroporto de Congonhas, haver\u00e1 uma escala em Maca\u00e9 e uma conex\u00e3o no Rio, no Aeroporto Santos Dumont. Este voo decola \u00e0s 09h35 de Campos e chega \u00e0s 13h10 em S\u00e3o Paulo, a pre\u00e7os promocionais a partir de R$ 214,96.<\/p>\n<p style=\"text-align: justify;\">J\u00e1 o voo de volta, do Aeroporto de Congonhas para o Aeroporto Bartolomeu Lisandro, ter\u00e1 apenas uma conex\u00e3o, no Rio, no Aeroporto Santos Dumont. Ele decolar\u00e1 de S\u00e3o Paulo \u00e0s 06h15 e pousar\u00e1 em Campos \u00e0s 09h10, a pre\u00e7os promocionais a partir de R$ 222,37.<\/p>\n<p style=\"text-align: justify;\">Haver\u00e1 ainda outras op\u00e7\u00f5es de hor\u00e1rios, com dura\u00e7\u00e3o total de voo maior. \u00c9 mais uma alternativa para o campista se deslocar rapidamente a S\u00e3o Paulo, com pre\u00e7os competitivos.<\/p>\n<p style=\"text-align: justify;\">A informa\u00e7\u00e3o \u00e9 do Blog Ponto de Vista, de Christiano Abreu.<\/p>\n","protected":false},"excerpt":{"rendered":"<p>Seguindo os passos da concorr\u00eancia da VoePass (Passaredo), a Azul anunciou um voo di\u00e1rio, de segunda-feira \u00e0 sexta-feira, ligando Campos&#8230;<\/p>\n","protected":false},"author":2,"featured_media":1539,"comment_status":"open","ping_status":"open","sticky":false,"template":"","format":"standard","meta":{"colormag_page_container_layout":"default_layout","colormag_page_sidebar_layout":"default_layout","jetpack_post_was_ever_published":false,"_jetpack_newsletter_access":"","_jetpack_dont_email_post_to_subs":false,"_jetpack_newsletter_tier_id":0,"_jetpack_memberships_contains_paywalled_content":false,"_jetpack_memberships_contains_paid_content":false,"footnotes":""},"categories":[7],"tags":[],"class_list":["post-3478","post","type-post","status-publish","format-standard","has-post-thumbnail","hentry","category-economia"],"jetpack_featured_media_url":"https:\/\/www.tribunanf.com.br\/blogdoralfereis\/wp-content\/uploads\/sites\/11\/2019\/02\/azul.jpg","jetpack_sharing_enabled":true,"_links":{"self":[{"href":"https:\/\/www.tribunanf.com.br\/blogdoralfereis\/wp-json\/wp\/v2\/posts\/3478","targetHints":{"allow":["GET"]}}],"collection":[{"href":"https:\/\/www.tribunanf.com.br\/blogdoralfereis\/wp-json\/wp\/v2\/posts"}],"about":[{"href":"https:\/\/www.tribunanf.com.br\/blogdoralfereis\/wp-json\/wp\/v2\/types\/post"}],"author":[{"embeddable":true,"href":"https:\/\/www.tribunanf.com.br\/blogdoralfereis\/wp-json\/wp\/v2\/users\/2"}],"replies":[{"embeddable":true,"href":"https:\/\/www.tribunanf.com.br\/blogdoralfereis\/wp-json\/wp\/v2\/comments?post=3478"}],"version-history":[{"count":0,"href":"https:\/\/www.tribunanf.com.br\/blogdoralfereis\/wp-json\/wp\/v2\/posts\/3478\/revisions"}],"wp:featuredmedia":[{"embeddable":true,"href":"https:\/\/www.tribunanf.com.br\/blogdoralfereis\/wp-json\/wp\/v2\/media\/1539"}],"wp:attachment":[{"href":"https:\/\/www.tribunanf.com.br\/blogdoralfereis\/wp-json\/wp\/v2\/media?parent=3478"}],"wp:term":[{"taxonomy":"category","embeddable":true,"href":"https:\/\/www.tribunanf.com.br\/blogdoralfereis\/wp-json\/wp\/v2\/categories?post=3478"},{"taxonomy":"post_tag","embeddable":true,"href":"https:\/\/www.tribunanf.com.br\/blogdoralfereis\/wp-json\/wp\/v2\/tags?post=3478"}],"curies":[{"name":"wp","href":"https:\/\/api.w.org\/{rel}","templated":true}]}}