{"id":347,"date":"2018-07-03T20:03:12","date_gmt":"2018-07-03T23:03:12","guid":{"rendered":"http:\/\/www.tribunanf.com.br\/blogdoralfereis\/?p=347"},"modified":"2018-07-03T20:03:12","modified_gmt":"2018-07-03T23:03:12","slug":"acao-popular-do-eletricista-tem-parecer-favoravel-a-deca","status":"publish","type":"post","link":"https:\/\/www.tribunanf.com.br\/blogdoralfereis\/2018\/07\/03\/acao-popular-do-eletricista-tem-parecer-favoravel-a-deca\/","title":{"rendered":"A\u00e7\u00e3o popular do eletricista tem parecer favor\u00e1vel a Deca"},"content":{"rendered":"<p><img loading=\"lazy\" decoding=\"async\" class=\"aligncenter size-full wp-image-173\" src=\"http:\/\/www.tribunanf.com.br\/blogdoralfereis\/wp-content\/uploads\/sites\/11\/2018\/06\/working.jpg\" alt=\"\" width=\"640\" height=\"480\" srcset=\"https:\/\/www.tribunanf.com.br\/blogdoralfereis\/wp-content\/uploads\/sites\/11\/2018\/06\/working.jpg 640w, https:\/\/www.tribunanf.com.br\/blogdoralfereis\/wp-content\/uploads\/sites\/11\/2018\/06\/working-300x225.jpg 300w\" sizes=\"auto, (max-width: 640px) 100vw, 640px\" \/><\/p>\n<p style=\"text-align: justify;\">A a\u00e7\u00e3o popular movida por Fabr\u00edcio Ribeiro Batista, que ficou conhecido nos meios de comunica\u00e7\u00e3o como \u201co eletricista\u201d, teve parecer favor\u00e1vel a Deca dado pelo Minist\u00e9rio P\u00fablico do Rio de Janeiro sob o argumento de que o empres\u00e1rio emprega 130 pessoas ou fam\u00edlias.<\/p>\n<p style=\"text-align: justify;\">Nesse processo o juiz da 4\u00aa Vara Civil de Campos chegou a conceder liminar suspendendo o contrato de Deca no valor de R$ 2,6 milh\u00f5es.<\/p>\n<p style=\"text-align: justify;\">Depois disso Deca foi contemplado com mais alguns contratos, sendo reconhecidamente um homem de confian\u00e7a do prefeito Rafael Diniz.<\/p>\n<p style=\"text-align: justify;\">Essa a\u00e7\u00e3o do eletricista e o seu desdobramento faz a popula\u00e7\u00e3o entender menos de tudo.<\/p>\n<p style=\"text-align: justify;\">Ser\u00e1?<\/p>\n","protected":false},"excerpt":{"rendered":"<p>A a\u00e7\u00e3o popular movida por Fabr\u00edcio Ribeiro Batista, que ficou conhecido nos meios de comunica\u00e7\u00e3o como \u201co eletricista\u201d, teve parecer&#8230;<\/p>\n","protected":false},"author":2,"featured_media":173,"comment_status":"open","ping_status":"open","sticky":false,"template":"","format":"standard","meta":{"colormag_page_container_layout":"default_layout","colormag_page_sidebar_layout":"default_layout","jetpack_post_was_ever_published":false,"_jetpack_newsletter_access":"","_jetpack_dont_email_post_to_subs":false,"_jetpack_newsletter_tier_id":0,"_jetpack_memberships_contains_paywalled_content":false,"_jetpack_memberships_contains_paid_content":false,"footnotes":""},"categories":[2],"tags":[],"class_list":["post-347","post","type-post","status-publish","format-standard","has-post-thumbnail","hentry","category-politica"],"jetpack_featured_media_url":"https:\/\/www.tribunanf.com.br\/blogdoralfereis\/wp-content\/uploads\/sites\/11\/2018\/06\/working.jpg","jetpack_sharing_enabled":true,"_links":{"self":[{"href":"https:\/\/www.tribunanf.com.br\/blogdoralfereis\/wp-json\/wp\/v2\/posts\/347","targetHints":{"allow":["GET"]}}],"collection":[{"href":"https:\/\/www.tribunanf.com.br\/blogdoralfereis\/wp-json\/wp\/v2\/posts"}],"about":[{"href":"https:\/\/www.tribunanf.com.br\/blogdoralfereis\/wp-json\/wp\/v2\/types\/post"}],"author":[{"embeddable":true,"href":"https:\/\/www.tribunanf.com.br\/blogdoralfereis\/wp-json\/wp\/v2\/users\/2"}],"replies":[{"embeddable":true,"href":"https:\/\/www.tribunanf.com.br\/blogdoralfereis\/wp-json\/wp\/v2\/comments?post=347"}],"version-history":[{"count":0,"href":"https:\/\/www.tribunanf.com.br\/blogdoralfereis\/wp-json\/wp\/v2\/posts\/347\/revisions"}],"wp:featuredmedia":[{"embeddable":true,"href":"https:\/\/www.tribunanf.com.br\/blogdoralfereis\/wp-json\/wp\/v2\/media\/173"}],"wp:attachment":[{"href":"https:\/\/www.tribunanf.com.br\/blogdoralfereis\/wp-json\/wp\/v2\/media?parent=347"}],"wp:term":[{"taxonomy":"category","embeddable":true,"href":"https:\/\/www.tribunanf.com.br\/blogdoralfereis\/wp-json\/wp\/v2\/categories?post=347"},{"taxonomy":"post_tag","embeddable":true,"href":"https:\/\/www.tribunanf.com.br\/blogdoralfereis\/wp-json\/wp\/v2\/tags?post=347"}],"curies":[{"name":"wp","href":"https:\/\/api.w.org\/{rel}","templated":true}]}}