{"id":343,"date":"2018-07-03T15:44:39","date_gmt":"2018-07-03T18:44:39","guid":{"rendered":"http:\/\/www.tribunanf.com.br\/blogdoralfereis\/?p=343"},"modified":"2018-07-03T15:44:39","modified_gmt":"2018-07-03T18:44:39","slug":"vereadora-josiane-morumbi-pede-informacoes-sobre-pagamento-de-rescisoes-dos-das","status":"publish","type":"post","link":"https:\/\/www.tribunanf.com.br\/blogdoralfereis\/2018\/07\/03\/vereadora-josiane-morumbi-pede-informacoes-sobre-pagamento-de-rescisoes-dos-das\/","title":{"rendered":"Vereadora Josiane Morumbi pede informa\u00e7\u00f5es sobre pagamento de rescis\u00f5es dos DAS"},"content":{"rendered":"<p><img loading=\"lazy\" decoding=\"async\" class=\"aligncenter size-full wp-image-345\" src=\"http:\/\/www.tribunanf.com.br\/blogdoralfereis\/wp-content\/uploads\/sites\/11\/2018\/07\/josiane-1.jpg\" alt=\"\" width=\"768\" height=\"768\" srcset=\"https:\/\/www.tribunanf.com.br\/blogdoralfereis\/wp-content\/uploads\/sites\/11\/2018\/07\/josiane-1.jpg 768w, https:\/\/www.tribunanf.com.br\/blogdoralfereis\/wp-content\/uploads\/sites\/11\/2018\/07\/josiane-1-150x150.jpg 150w, https:\/\/www.tribunanf.com.br\/blogdoralfereis\/wp-content\/uploads\/sites\/11\/2018\/07\/josiane-1-300x300.jpg 300w\" sizes=\"auto, (max-width: 768px) 100vw, 768px\" \/><\/p>\n<p style=\"text-align: justify;\">A vereadora Josiane Morumbi (PRP) protocolou um pedido de informa\u00e7\u00e3o sobre o pagamento de rescis\u00f5es dos cargos comissionados (DAS) que trabalharam no governo Rosinha Garotinho.<\/p>\n<p style=\"text-align: justify;\">Segundo informa\u00e7\u00f5es que circulam nos bastidores, o governo Rafael Diniz estaria liberando o pagamento das rescis\u00f5es em troca de apoio pol\u00edtico.<\/p>\n<p style=\"text-align: justify;\">O pedido de informa\u00e7\u00e3o, se for respondido pelo governo, vai revelar quem recebeu e qual o crit\u00e9rio usado para liberar o pagamento.<\/p>\n<p style=\"text-align: justify;\">Em governos anteriores o pagamento era realizado automaticamente.<\/p>\n<p><img loading=\"lazy\" decoding=\"async\" class=\"aligncenter size-full wp-image-344\" src=\"http:\/\/www.tribunanf.com.br\/blogdoralfereis\/wp-content\/uploads\/sites\/11\/2018\/07\/josiane.jpg\" alt=\"\" width=\"921\" height=\"1280\" srcset=\"https:\/\/www.tribunanf.com.br\/blogdoralfereis\/wp-content\/uploads\/sites\/11\/2018\/07\/josiane.jpg 921w, https:\/\/www.tribunanf.com.br\/blogdoralfereis\/wp-content\/uploads\/sites\/11\/2018\/07\/josiane-216x300.jpg 216w, https:\/\/www.tribunanf.com.br\/blogdoralfereis\/wp-content\/uploads\/sites\/11\/2018\/07\/josiane-768x1067.jpg 768w, https:\/\/www.tribunanf.com.br\/blogdoralfereis\/wp-content\/uploads\/sites\/11\/2018\/07\/josiane-737x1024.jpg 737w\" sizes=\"auto, (max-width: 921px) 100vw, 921px\" \/><\/p>\n","protected":false},"excerpt":{"rendered":"<p>A vereadora Josiane Morumbi (PRP) protocolou um pedido de informa\u00e7\u00e3o sobre o pagamento de rescis\u00f5es dos cargos comissionados (DAS) que&#8230;<\/p>\n","protected":false},"author":2,"featured_media":345,"comment_status":"open","ping_status":"open","sticky":false,"template":"","format":"standard","meta":{"colormag_page_container_layout":"default_layout","colormag_page_sidebar_layout":"default_layout","jetpack_post_was_ever_published":false,"_jetpack_newsletter_access":"","_jetpack_dont_email_post_to_subs":false,"_jetpack_newsletter_tier_id":0,"_jetpack_memberships_contains_paywalled_content":false,"_jetpack_memberships_contains_paid_content":false,"footnotes":""},"categories":[2],"tags":[],"class_list":["post-343","post","type-post","status-publish","format-standard","has-post-thumbnail","hentry","category-politica"],"jetpack_featured_media_url":"https:\/\/www.tribunanf.com.br\/blogdoralfereis\/wp-content\/uploads\/sites\/11\/2018\/07\/josiane-1.jpg","jetpack_sharing_enabled":true,"_links":{"self":[{"href":"https:\/\/www.tribunanf.com.br\/blogdoralfereis\/wp-json\/wp\/v2\/posts\/343","targetHints":{"allow":["GET"]}}],"collection":[{"href":"https:\/\/www.tribunanf.com.br\/blogdoralfereis\/wp-json\/wp\/v2\/posts"}],"about":[{"href":"https:\/\/www.tribunanf.com.br\/blogdoralfereis\/wp-json\/wp\/v2\/types\/post"}],"author":[{"embeddable":true,"href":"https:\/\/www.tribunanf.com.br\/blogdoralfereis\/wp-json\/wp\/v2\/users\/2"}],"replies":[{"embeddable":true,"href":"https:\/\/www.tribunanf.com.br\/blogdoralfereis\/wp-json\/wp\/v2\/comments?post=343"}],"version-history":[{"count":0,"href":"https:\/\/www.tribunanf.com.br\/blogdoralfereis\/wp-json\/wp\/v2\/posts\/343\/revisions"}],"wp:featuredmedia":[{"embeddable":true,"href":"https:\/\/www.tribunanf.com.br\/blogdoralfereis\/wp-json\/wp\/v2\/media\/345"}],"wp:attachment":[{"href":"https:\/\/www.tribunanf.com.br\/blogdoralfereis\/wp-json\/wp\/v2\/media?parent=343"}],"wp:term":[{"taxonomy":"category","embeddable":true,"href":"https:\/\/www.tribunanf.com.br\/blogdoralfereis\/wp-json\/wp\/v2\/categories?post=343"},{"taxonomy":"post_tag","embeddable":true,"href":"https:\/\/www.tribunanf.com.br\/blogdoralfereis\/wp-json\/wp\/v2\/tags?post=343"}],"curies":[{"name":"wp","href":"https:\/\/api.w.org\/{rel}","templated":true}]}}