{"id":3427,"date":"2020-02-20T14:22:42","date_gmt":"2020-02-20T17:22:42","guid":{"rendered":"https:\/\/www.tribunanf.com.br\/blogdoralfereis\/?p=3427"},"modified":"2020-02-20T14:22:42","modified_gmt":"2020-02-20T17:22:42","slug":"passagem-aerea-campos-x-sao-paulo-por-r-19999","status":"publish","type":"post","link":"https:\/\/www.tribunanf.com.br\/blogdoralfereis\/2020\/02\/20\/passagem-aerea-campos-x-sao-paulo-por-r-19999\/","title":{"rendered":"Passagem a\u00e9rea Campos x S\u00e3o Paulo por R$ 199,99"},"content":{"rendered":"<p><img loading=\"lazy\" decoding=\"async\" class=\"aligncenter size-full wp-image-3428\" src=\"https:\/\/www.tribunanf.com.br\/blogdoralfereis\/wp-content\/uploads\/sites\/11\/2020\/02\/default.jpg\" alt=\"\" width=\"670\" height=\"400\" srcset=\"https:\/\/www.tribunanf.com.br\/blogdoralfereis\/wp-content\/uploads\/sites\/11\/2020\/02\/default.jpg 670w, https:\/\/www.tribunanf.com.br\/blogdoralfereis\/wp-content\/uploads\/sites\/11\/2020\/02\/default-300x179.jpg 300w\" sizes=\"auto, (max-width: 670px) 100vw, 670px\" \/><\/p>\n<p style=\"text-align: justify;\">A VoePass (Passaredo) iniciou as vendas do voo direto Campos x S\u00e3o Paulo, anunciado aqui na semana passada. Os pre\u00e7os de lan\u00e7amento est\u00e3o a partir de incr\u00edveis R$ 199,99, ligando o Aeroporto Bartolomeu Lisandro, em Campos, ao Aeroporto de Congonhas, em S\u00e3o Paulo.<\/p>\n<p style=\"text-align: justify;\">Para ir e voltar a S\u00e3o Paulo de avi\u00e3o o campista gastar\u00e1 R$ 399,98, um pre\u00e7o altamente competitivo. O voo Campos x SP sai \u00e0s 12h00 e chega \u00e0s 13h55. O voo SP x Campos sai \u00e0s 09h00 e chega \u00e0s 11h30. Direto, o voo dura 01h55 na ida e 01h40 na volta.<\/p>\n<p style=\"text-align: justify;\"><img decoding=\"async\" class=\"aligncenter\" src=\"http:\/\/www.folha1.com.br\/_midias\/png\/2020\/02\/20\/campos_x_sp_a_199_99-1568843.png\" \/><\/p>\n<p style=\"text-align: justify;\">Fonte: Blog Ponto de Vista, de Christiano Abreu.<\/p>\n","protected":false},"excerpt":{"rendered":"<p>A VoePass (Passaredo) iniciou as vendas do voo direto Campos x S\u00e3o Paulo, anunciado aqui na semana passada. Os pre\u00e7os&#8230;<\/p>\n","protected":false},"author":2,"featured_media":3428,"comment_status":"open","ping_status":"open","sticky":false,"template":"","format":"standard","meta":{"colormag_page_container_layout":"default_layout","colormag_page_sidebar_layout":"default_layout","jetpack_post_was_ever_published":false,"_jetpack_newsletter_access":"","_jetpack_dont_email_post_to_subs":false,"_jetpack_newsletter_tier_id":0,"_jetpack_memberships_contains_paywalled_content":false,"_jetpack_memberships_contains_paid_content":false,"footnotes":""},"categories":[7],"tags":[],"class_list":["post-3427","post","type-post","status-publish","format-standard","has-post-thumbnail","hentry","category-economia"],"jetpack_featured_media_url":"https:\/\/www.tribunanf.com.br\/blogdoralfereis\/wp-content\/uploads\/sites\/11\/2020\/02\/default.jpg","jetpack_sharing_enabled":true,"_links":{"self":[{"href":"https:\/\/www.tribunanf.com.br\/blogdoralfereis\/wp-json\/wp\/v2\/posts\/3427","targetHints":{"allow":["GET"]}}],"collection":[{"href":"https:\/\/www.tribunanf.com.br\/blogdoralfereis\/wp-json\/wp\/v2\/posts"}],"about":[{"href":"https:\/\/www.tribunanf.com.br\/blogdoralfereis\/wp-json\/wp\/v2\/types\/post"}],"author":[{"embeddable":true,"href":"https:\/\/www.tribunanf.com.br\/blogdoralfereis\/wp-json\/wp\/v2\/users\/2"}],"replies":[{"embeddable":true,"href":"https:\/\/www.tribunanf.com.br\/blogdoralfereis\/wp-json\/wp\/v2\/comments?post=3427"}],"version-history":[{"count":0,"href":"https:\/\/www.tribunanf.com.br\/blogdoralfereis\/wp-json\/wp\/v2\/posts\/3427\/revisions"}],"wp:featuredmedia":[{"embeddable":true,"href":"https:\/\/www.tribunanf.com.br\/blogdoralfereis\/wp-json\/wp\/v2\/media\/3428"}],"wp:attachment":[{"href":"https:\/\/www.tribunanf.com.br\/blogdoralfereis\/wp-json\/wp\/v2\/media?parent=3427"}],"wp:term":[{"taxonomy":"category","embeddable":true,"href":"https:\/\/www.tribunanf.com.br\/blogdoralfereis\/wp-json\/wp\/v2\/categories?post=3427"},{"taxonomy":"post_tag","embeddable":true,"href":"https:\/\/www.tribunanf.com.br\/blogdoralfereis\/wp-json\/wp\/v2\/tags?post=3427"}],"curies":[{"name":"wp","href":"https:\/\/api.w.org\/{rel}","templated":true}]}}