{"id":3337,"date":"2020-02-12T12:30:10","date_gmt":"2020-02-12T14:30:10","guid":{"rendered":"https:\/\/www.tribunanf.com.br\/blogdoralfereis\/?p=3337"},"modified":"2020-02-12T12:30:10","modified_gmt":"2020-02-12T14:30:10","slug":"lava-jato-rj-os-desdobramentos-da-delacao-de-lelis-teixeira","status":"publish","type":"post","link":"https:\/\/www.tribunanf.com.br\/blogdoralfereis\/2020\/02\/12\/lava-jato-rj-os-desdobramentos-da-delacao-de-lelis-teixeira\/","title":{"rendered":"Lava Jato RJ: Os desdobramentos da dela\u00e7\u00e3o de L\u00e9lis Teixeira"},"content":{"rendered":"<p><img loading=\"lazy\" decoding=\"async\" class=\"aligncenter size-full wp-image-368\" src=\"https:\/\/www.tribunanf.com.br\/blogdoralfereis\/wp-content\/uploads\/sites\/11\/2018\/07\/PF-RJ-1-720x350.jpg\" alt=\"\" width=\"720\" height=\"350\" srcset=\"https:\/\/www.tribunanf.com.br\/blogdoralfereis\/wp-content\/uploads\/sites\/11\/2018\/07\/PF-RJ-1-720x350.jpg 720w, https:\/\/www.tribunanf.com.br\/blogdoralfereis\/wp-content\/uploads\/sites\/11\/2018\/07\/PF-RJ-1-720x350-300x146.jpg 300w\" sizes=\"auto, (max-width: 720px) 100vw, 720px\" \/><\/p>\n<p style=\"text-align: justify;\">&#8220;A dela\u00e7\u00e3o de <strong>L\u00e9lis Teixeira<\/strong>, ex-presidente da Fetranspor, que resultou na Opera\u00e7\u00e3o Armadeira e na pris\u00e3o de um ex-promotor do MPRJ, ainda tem lenha para ser queimada. A brasa volta a ser acessa ap\u00f3s o Carnaval.&#8221;, informa o blog de Lauro Jardim.<\/p>\n","protected":false},"excerpt":{"rendered":"<p>&#8220;A dela\u00e7\u00e3o de L\u00e9lis Teixeira, ex-presidente da Fetranspor, que resultou na Opera\u00e7\u00e3o Armadeira e na pris\u00e3o de um ex-promotor do&#8230;<\/p>\n","protected":false},"author":2,"featured_media":368,"comment_status":"open","ping_status":"open","sticky":false,"template":"","format":"standard","meta":{"colormag_page_container_layout":"default_layout","colormag_page_sidebar_layout":"default_layout","jetpack_post_was_ever_published":false,"_jetpack_newsletter_access":"","_jetpack_dont_email_post_to_subs":false,"_jetpack_newsletter_tier_id":0,"_jetpack_memberships_contains_paywalled_content":false,"_jetpack_memberships_contains_paid_content":false,"footnotes":""},"categories":[2],"tags":[],"class_list":["post-3337","post","type-post","status-publish","format-standard","has-post-thumbnail","hentry","category-politica"],"jetpack_featured_media_url":"https:\/\/www.tribunanf.com.br\/blogdoralfereis\/wp-content\/uploads\/sites\/11\/2018\/07\/PF-RJ-1-720x350.jpg","jetpack_sharing_enabled":true,"_links":{"self":[{"href":"https:\/\/www.tribunanf.com.br\/blogdoralfereis\/wp-json\/wp\/v2\/posts\/3337","targetHints":{"allow":["GET"]}}],"collection":[{"href":"https:\/\/www.tribunanf.com.br\/blogdoralfereis\/wp-json\/wp\/v2\/posts"}],"about":[{"href":"https:\/\/www.tribunanf.com.br\/blogdoralfereis\/wp-json\/wp\/v2\/types\/post"}],"author":[{"embeddable":true,"href":"https:\/\/www.tribunanf.com.br\/blogdoralfereis\/wp-json\/wp\/v2\/users\/2"}],"replies":[{"embeddable":true,"href":"https:\/\/www.tribunanf.com.br\/blogdoralfereis\/wp-json\/wp\/v2\/comments?post=3337"}],"version-history":[{"count":0,"href":"https:\/\/www.tribunanf.com.br\/blogdoralfereis\/wp-json\/wp\/v2\/posts\/3337\/revisions"}],"wp:featuredmedia":[{"embeddable":true,"href":"https:\/\/www.tribunanf.com.br\/blogdoralfereis\/wp-json\/wp\/v2\/media\/368"}],"wp:attachment":[{"href":"https:\/\/www.tribunanf.com.br\/blogdoralfereis\/wp-json\/wp\/v2\/media?parent=3337"}],"wp:term":[{"taxonomy":"category","embeddable":true,"href":"https:\/\/www.tribunanf.com.br\/blogdoralfereis\/wp-json\/wp\/v2\/categories?post=3337"},{"taxonomy":"post_tag","embeddable":true,"href":"https:\/\/www.tribunanf.com.br\/blogdoralfereis\/wp-json\/wp\/v2\/tags?post=3337"}],"curies":[{"name":"wp","href":"https:\/\/api.w.org\/{rel}","templated":true}]}}