{"id":3334,"date":"2020-02-11T23:43:53","date_gmt":"2020-02-12T01:43:53","guid":{"rendered":"https:\/\/www.tribunanf.com.br\/blogdoralfereis\/?p=3334"},"modified":"2020-02-11T23:43:53","modified_gmt":"2020-02-12T01:43:53","slug":"medicos-de-campos-entram-em-greve","status":"publish","type":"post","link":"https:\/\/www.tribunanf.com.br\/blogdoralfereis\/2020\/02\/11\/medicos-de-campos-entram-em-greve\/","title":{"rendered":"M\u00e9dicos de Campos entram em greve"},"content":{"rendered":"<figure id=\"attachment_3335\" aria-describedby=\"caption-attachment-3335\" style=\"width: 532px\" class=\"wp-caption aligncenter\"><img loading=\"lazy\" decoding=\"async\" class=\"size-full wp-image-3335\" src=\"https:\/\/www.tribunanf.com.br\/blogdoralfereis\/wp-content\/uploads\/sites\/11\/2020\/02\/medicos.jpeg\" alt=\"\" width=\"532\" height=\"283\" srcset=\"https:\/\/www.tribunanf.com.br\/blogdoralfereis\/wp-content\/uploads\/sites\/11\/2020\/02\/medicos.jpeg 532w, https:\/\/www.tribunanf.com.br\/blogdoralfereis\/wp-content\/uploads\/sites\/11\/2020\/02\/medicos-300x160.jpeg 300w\" sizes=\"auto, (max-width: 532px) 100vw, 532px\" \/><figcaption id=\"caption-attachment-3335\" class=\"wp-caption-text\">Foto: arquivo<\/figcaption><\/figure>\n<p style=\"text-align: justify;\">M\u00e9dicos da rede municipal de Sa\u00fade de Campos dos Goytacazes decidiram, na noite desta ter\u00e7a-feira (11), entrar em greve ap\u00f3s assembleia realizada no audit\u00f3rio da Sociedade Fluminense de Medicina e Cirurgia.<\/p>\n<p style=\"text-align: justify;\">De acordo com os profissionais, eles enfrentam problemas com falta de pagamentos e retirada de f\u00e9rias, descumprimento do ultimo acordo de greve, realizado em 2019, e m\u00e1s condi\u00e7\u00f5es de trabalho.<\/p>\n<p style=\"text-align: justify;\">O munic\u00edpio ser\u00e1 notificado sobre a decis\u00e3o da categoria nesta quarta e a paralisa\u00e7\u00e3o ser\u00e1 iniciada na pr\u00f3xima ter\u00e7a-feira (18).<\/p>\n","protected":false},"excerpt":{"rendered":"<p>M\u00e9dicos da rede municipal de Sa\u00fade de Campos dos Goytacazes decidiram, na noite desta ter\u00e7a-feira (11), entrar em greve ap\u00f3s&#8230;<\/p>\n","protected":false},"author":2,"featured_media":3335,"comment_status":"open","ping_status":"open","sticky":false,"template":"","format":"standard","meta":{"colormag_page_container_layout":"default_layout","colormag_page_sidebar_layout":"default_layout","jetpack_post_was_ever_published":false,"_jetpack_newsletter_access":"","_jetpack_dont_email_post_to_subs":false,"_jetpack_newsletter_tier_id":0,"_jetpack_memberships_contains_paywalled_content":false,"_jetpack_memberships_contains_paid_content":false,"footnotes":""},"categories":[2],"tags":[],"class_list":["post-3334","post","type-post","status-publish","format-standard","has-post-thumbnail","hentry","category-politica"],"jetpack_featured_media_url":"https:\/\/www.tribunanf.com.br\/blogdoralfereis\/wp-content\/uploads\/sites\/11\/2020\/02\/medicos.jpeg","jetpack_sharing_enabled":true,"_links":{"self":[{"href":"https:\/\/www.tribunanf.com.br\/blogdoralfereis\/wp-json\/wp\/v2\/posts\/3334","targetHints":{"allow":["GET"]}}],"collection":[{"href":"https:\/\/www.tribunanf.com.br\/blogdoralfereis\/wp-json\/wp\/v2\/posts"}],"about":[{"href":"https:\/\/www.tribunanf.com.br\/blogdoralfereis\/wp-json\/wp\/v2\/types\/post"}],"author":[{"embeddable":true,"href":"https:\/\/www.tribunanf.com.br\/blogdoralfereis\/wp-json\/wp\/v2\/users\/2"}],"replies":[{"embeddable":true,"href":"https:\/\/www.tribunanf.com.br\/blogdoralfereis\/wp-json\/wp\/v2\/comments?post=3334"}],"version-history":[{"count":0,"href":"https:\/\/www.tribunanf.com.br\/blogdoralfereis\/wp-json\/wp\/v2\/posts\/3334\/revisions"}],"wp:featuredmedia":[{"embeddable":true,"href":"https:\/\/www.tribunanf.com.br\/blogdoralfereis\/wp-json\/wp\/v2\/media\/3335"}],"wp:attachment":[{"href":"https:\/\/www.tribunanf.com.br\/blogdoralfereis\/wp-json\/wp\/v2\/media?parent=3334"}],"wp:term":[{"taxonomy":"category","embeddable":true,"href":"https:\/\/www.tribunanf.com.br\/blogdoralfereis\/wp-json\/wp\/v2\/categories?post=3334"},{"taxonomy":"post_tag","embeddable":true,"href":"https:\/\/www.tribunanf.com.br\/blogdoralfereis\/wp-json\/wp\/v2\/tags?post=3334"}],"curies":[{"name":"wp","href":"https:\/\/api.w.org\/{rel}","templated":true}]}}