{"id":3330,"date":"2020-02-11T21:09:34","date_gmt":"2020-02-11T23:09:34","guid":{"rendered":"https:\/\/www.tribunanf.com.br\/blogdoralfereis\/?p=3330"},"modified":"2020-02-11T21:09:34","modified_gmt":"2020-02-11T23:09:34","slug":"joel-roncetti-assume-comando-do-ok-superatacado-de-campos","status":"publish","type":"post","link":"https:\/\/www.tribunanf.com.br\/blogdoralfereis\/2020\/02\/11\/joel-roncetti-assume-comando-do-ok-superatacado-de-campos\/","title":{"rendered":"Joel Roncetti assume comando do OK Superatacado de Campos"},"content":{"rendered":"<p><img loading=\"lazy\" decoding=\"async\" class=\"aligncenter size-full wp-image-3332\" src=\"https:\/\/www.tribunanf.com.br\/blogdoralfereis\/wp-content\/uploads\/sites\/11\/2020\/02\/ok.jpg\" alt=\"\" width=\"673\" height=\"356\" srcset=\"https:\/\/www.tribunanf.com.br\/blogdoralfereis\/wp-content\/uploads\/sites\/11\/2020\/02\/ok.jpg 673w, https:\/\/www.tribunanf.com.br\/blogdoralfereis\/wp-content\/uploads\/sites\/11\/2020\/02\/ok-300x159.jpg 300w, https:\/\/www.tribunanf.com.br\/blogdoralfereis\/wp-content\/uploads\/sites\/11\/2020\/02\/ok-390x205.jpg 390w\" sizes=\"auto, (max-width: 673px) 100vw, 673px\" \/><\/p>\n<p style=\"text-align: justify;\">O experiente e competente empres\u00e1rio Joel Roncetti assumiu o comando do OK Superatacado em Campos. A rede capixaba tem uma unidade no munic\u00edpio, anunciada aqui em 2018 e localizada em Guarus, ao lado do Guarus Plaza Shopping.<\/p>\n<p style=\"text-align: justify;\">O OK Superatacado deve tamb\u00e9m ocupar futuramente o supermercado do Boulevard Shopping, hoje operado pelo Superbom, mas em lit\u00edgio com os propriet\u00e1rios do im\u00f3vel.<\/p>\n<p>Fonte: Blog Ponto de Vista, de Christiano Abreu<\/p>\n","protected":false},"excerpt":{"rendered":"<p>O experiente e competente empres\u00e1rio Joel Roncetti assumiu o comando do OK Superatacado em Campos. A rede capixaba tem uma&#8230;<\/p>\n","protected":false},"author":2,"featured_media":3332,"comment_status":"open","ping_status":"open","sticky":false,"template":"","format":"standard","meta":{"colormag_page_container_layout":"default_layout","colormag_page_sidebar_layout":"default_layout","jetpack_post_was_ever_published":false,"_jetpack_newsletter_access":"","_jetpack_dont_email_post_to_subs":false,"_jetpack_newsletter_tier_id":0,"_jetpack_memberships_contains_paywalled_content":false,"_jetpack_memberships_contains_paid_content":false,"footnotes":""},"categories":[7],"tags":[],"class_list":["post-3330","post","type-post","status-publish","format-standard","has-post-thumbnail","hentry","category-economia"],"jetpack_featured_media_url":"https:\/\/www.tribunanf.com.br\/blogdoralfereis\/wp-content\/uploads\/sites\/11\/2020\/02\/ok.jpg","jetpack_sharing_enabled":true,"_links":{"self":[{"href":"https:\/\/www.tribunanf.com.br\/blogdoralfereis\/wp-json\/wp\/v2\/posts\/3330","targetHints":{"allow":["GET"]}}],"collection":[{"href":"https:\/\/www.tribunanf.com.br\/blogdoralfereis\/wp-json\/wp\/v2\/posts"}],"about":[{"href":"https:\/\/www.tribunanf.com.br\/blogdoralfereis\/wp-json\/wp\/v2\/types\/post"}],"author":[{"embeddable":true,"href":"https:\/\/www.tribunanf.com.br\/blogdoralfereis\/wp-json\/wp\/v2\/users\/2"}],"replies":[{"embeddable":true,"href":"https:\/\/www.tribunanf.com.br\/blogdoralfereis\/wp-json\/wp\/v2\/comments?post=3330"}],"version-history":[{"count":0,"href":"https:\/\/www.tribunanf.com.br\/blogdoralfereis\/wp-json\/wp\/v2\/posts\/3330\/revisions"}],"wp:featuredmedia":[{"embeddable":true,"href":"https:\/\/www.tribunanf.com.br\/blogdoralfereis\/wp-json\/wp\/v2\/media\/3332"}],"wp:attachment":[{"href":"https:\/\/www.tribunanf.com.br\/blogdoralfereis\/wp-json\/wp\/v2\/media?parent=3330"}],"wp:term":[{"taxonomy":"category","embeddable":true,"href":"https:\/\/www.tribunanf.com.br\/blogdoralfereis\/wp-json\/wp\/v2\/categories?post=3330"},{"taxonomy":"post_tag","embeddable":true,"href":"https:\/\/www.tribunanf.com.br\/blogdoralfereis\/wp-json\/wp\/v2\/tags?post=3330"}],"curies":[{"name":"wp","href":"https:\/\/api.w.org\/{rel}","templated":true}]}}