{"id":3293,"date":"2020-01-30T18:08:45","date_gmt":"2020-01-30T20:08:45","guid":{"rendered":"https:\/\/www.tribunanf.com.br\/blogdoralfereis\/?p=3293"},"modified":"2020-01-30T18:08:45","modified_gmt":"2020-01-30T20:08:45","slug":"como-explicar-a-participacao-do-pastor-everaldo-no-governo-witzel","status":"publish","type":"post","link":"https:\/\/www.tribunanf.com.br\/blogdoralfereis\/2020\/01\/30\/como-explicar-a-participacao-do-pastor-everaldo-no-governo-witzel\/","title":{"rendered":"Como explicar a participa\u00e7\u00e3o do Pastor Everaldo no governo Witzel"},"content":{"rendered":"<p><img loading=\"lazy\" decoding=\"async\" class=\"aligncenter size-full wp-image-974\" src=\"https:\/\/www.tribunanf.com.br\/blogdoralfereis\/wp-content\/uploads\/sites\/11\/2018\/10\/Pastor_Everaldo_certo_070414.jpg\" alt=\"\" width=\"1024\" height=\"683\" srcset=\"https:\/\/www.tribunanf.com.br\/blogdoralfereis\/wp-content\/uploads\/sites\/11\/2018\/10\/Pastor_Everaldo_certo_070414.jpg 1024w, https:\/\/www.tribunanf.com.br\/blogdoralfereis\/wp-content\/uploads\/sites\/11\/2018\/10\/Pastor_Everaldo_certo_070414-300x200.jpg 300w, https:\/\/www.tribunanf.com.br\/blogdoralfereis\/wp-content\/uploads\/sites\/11\/2018\/10\/Pastor_Everaldo_certo_070414-768x512.jpg 768w\" sizes=\"auto, (max-width: 1024px) 100vw, 1024px\" \/><\/p>\n<p style=\"text-align: justify;\">Aliados do governador do Rio de Janeiro, Wilson Witzel, andam intrigados com o tamanho da participa\u00e7\u00e3o do Pastor Everaldo, presidente do PSC, na sua administra\u00e7\u00e3o.<\/p>\n<p style=\"text-align: justify;\">Everaldo, como se sabe, tem atuado em diferentes \u00e1reas do governo Witzel. Uma delas \u00e9 a Cedae, a companhia de \u00e1guas do estado, piv\u00f4 da crise h\u00eddrica vivida por cariocas de todos os bairros.<\/p>\n<p style=\"text-align: justify;\">Tamb\u00e9m est\u00e1 na conta do pastor a ida de Andr\u00e9 Moura, o ex-deputado que um dia foi bra\u00e7o-direito de Eduardo Cunha, para a Casa Civil de Witzel.<\/p>\n<p style=\"text-align: justify;\">Quem \u00e9 pr\u00f3ximo ao ex-juiz diz que ele acredita ter uma \u201cd\u00edvida moral\u201d com o manda-chuva do seu partido. Mas n\u00e3o se sabe at\u00e9 quando esse sentimento de gratid\u00e3o vai durar.<\/p>\n<p style=\"text-align: justify;\">Fonte: Radar Online<\/p>\n","protected":false},"excerpt":{"rendered":"<p>Aliados do governador do Rio de Janeiro, Wilson Witzel, andam intrigados com o tamanho da participa\u00e7\u00e3o do Pastor Everaldo, presidente&#8230;<\/p>\n","protected":false},"author":2,"featured_media":974,"comment_status":"open","ping_status":"open","sticky":false,"template":"","format":"standard","meta":{"colormag_page_container_layout":"default_layout","colormag_page_sidebar_layout":"default_layout","jetpack_post_was_ever_published":false,"_jetpack_newsletter_access":"","_jetpack_dont_email_post_to_subs":false,"_jetpack_newsletter_tier_id":0,"_jetpack_memberships_contains_paywalled_content":false,"_jetpack_memberships_contains_paid_content":false,"footnotes":""},"categories":[2],"tags":[],"class_list":["post-3293","post","type-post","status-publish","format-standard","has-post-thumbnail","hentry","category-politica"],"jetpack_featured_media_url":"https:\/\/www.tribunanf.com.br\/blogdoralfereis\/wp-content\/uploads\/sites\/11\/2018\/10\/Pastor_Everaldo_certo_070414.jpg","jetpack_sharing_enabled":true,"_links":{"self":[{"href":"https:\/\/www.tribunanf.com.br\/blogdoralfereis\/wp-json\/wp\/v2\/posts\/3293","targetHints":{"allow":["GET"]}}],"collection":[{"href":"https:\/\/www.tribunanf.com.br\/blogdoralfereis\/wp-json\/wp\/v2\/posts"}],"about":[{"href":"https:\/\/www.tribunanf.com.br\/blogdoralfereis\/wp-json\/wp\/v2\/types\/post"}],"author":[{"embeddable":true,"href":"https:\/\/www.tribunanf.com.br\/blogdoralfereis\/wp-json\/wp\/v2\/users\/2"}],"replies":[{"embeddable":true,"href":"https:\/\/www.tribunanf.com.br\/blogdoralfereis\/wp-json\/wp\/v2\/comments?post=3293"}],"version-history":[{"count":0,"href":"https:\/\/www.tribunanf.com.br\/blogdoralfereis\/wp-json\/wp\/v2\/posts\/3293\/revisions"}],"wp:featuredmedia":[{"embeddable":true,"href":"https:\/\/www.tribunanf.com.br\/blogdoralfereis\/wp-json\/wp\/v2\/media\/974"}],"wp:attachment":[{"href":"https:\/\/www.tribunanf.com.br\/blogdoralfereis\/wp-json\/wp\/v2\/media?parent=3293"}],"wp:term":[{"taxonomy":"category","embeddable":true,"href":"https:\/\/www.tribunanf.com.br\/blogdoralfereis\/wp-json\/wp\/v2\/categories?post=3293"},{"taxonomy":"post_tag","embeddable":true,"href":"https:\/\/www.tribunanf.com.br\/blogdoralfereis\/wp-json\/wp\/v2\/tags?post=3293"}],"curies":[{"name":"wp","href":"https:\/\/api.w.org\/{rel}","templated":true}]}}