{"id":3277,"date":"2020-01-27T12:55:52","date_gmt":"2020-01-27T14:55:52","guid":{"rendered":"https:\/\/www.tribunanf.com.br\/blogdoralfereis\/?p=3277"},"modified":"2020-01-27T12:55:52","modified_gmt":"2020-01-27T14:55:52","slug":"mourao-diz-que-witzel-nao-tem-etica-nem-moral-apos-conversa-gravada","status":"publish","type":"post","link":"https:\/\/www.tribunanf.com.br\/blogdoralfereis\/2020\/01\/27\/mourao-diz-que-witzel-nao-tem-etica-nem-moral-apos-conversa-gravada\/","title":{"rendered":"Mour\u00e3o diz que Witzel n\u00e3o tem &#8216;\u00e9tica&#8217; nem &#8216;moral&#8217;, ap\u00f3s conversa gravada"},"content":{"rendered":"<p><img loading=\"lazy\" decoding=\"async\" class=\"aligncenter size-full wp-image-3278\" src=\"https:\/\/www.tribunanf.com.br\/blogdoralfereis\/wp-content\/uploads\/sites\/11\/2020\/01\/mour\u00e3o.jpg\" alt=\"\" width=\"1024\" height=\"627\" srcset=\"https:\/\/www.tribunanf.com.br\/blogdoralfereis\/wp-content\/uploads\/sites\/11\/2020\/01\/mour\u00e3o.jpg 1024w, https:\/\/www.tribunanf.com.br\/blogdoralfereis\/wp-content\/uploads\/sites\/11\/2020\/01\/mour\u00e3o-300x184.jpg 300w, https:\/\/www.tribunanf.com.br\/blogdoralfereis\/wp-content\/uploads\/sites\/11\/2020\/01\/mour\u00e3o-768x470.jpg 768w\" sizes=\"auto, (max-width: 1024px) 100vw, 1024px\" \/><\/p>\n<p style=\"text-align: justify;\"><a href=\"https:\/\/www.tribunanf.com.br\/witzel-divulga-conversa-ao-telefone-com-hamilton-mourao-bolsonaro-critica\/\">Assim como Jair Bolsonaro<\/a>, o vice-presidente da Rep\u00fablica Hamilton Mour\u00e3o tamb\u00e9m ficou irritado com Wilson Witzel, que publicou nas redes sociais um v\u00eddeo em que pede ao general o envio de \u00e1gua pot\u00e1vel para as v\u00edtimas das chuvas no Rio de Janeiro.<\/p>\n<p style=\"text-align: justify;\">\u201cEm rela\u00e7\u00e3o ao governador Wilson Witzel, ele diz que foi fuzileiro naval. Eu acredito que ele esqueceu a \u00e9tica e a moral que caracterizam as For\u00e7as Armadas quando saiu do corpo de fuzileiros navais. Nada mais tenho a dizer a respeito\u201d, disse Mour\u00e3o.<\/p>\n","protected":false},"excerpt":{"rendered":"<p>Assim como Jair Bolsonaro, o vice-presidente da Rep\u00fablica Hamilton Mour\u00e3o tamb\u00e9m ficou irritado com Wilson Witzel, que publicou nas redes&#8230;<\/p>\n","protected":false},"author":2,"featured_media":3278,"comment_status":"open","ping_status":"open","sticky":false,"template":"","format":"standard","meta":{"colormag_page_container_layout":"default_layout","colormag_page_sidebar_layout":"default_layout","jetpack_post_was_ever_published":false,"_jetpack_newsletter_access":"","_jetpack_dont_email_post_to_subs":false,"_jetpack_newsletter_tier_id":0,"_jetpack_memberships_contains_paywalled_content":false,"_jetpack_memberships_contains_paid_content":false,"footnotes":""},"categories":[2],"tags":[],"class_list":["post-3277","post","type-post","status-publish","format-standard","has-post-thumbnail","hentry","category-politica"],"jetpack_featured_media_url":"https:\/\/www.tribunanf.com.br\/blogdoralfereis\/wp-content\/uploads\/sites\/11\/2020\/01\/mour\u00e3o.jpg","jetpack_sharing_enabled":true,"_links":{"self":[{"href":"https:\/\/www.tribunanf.com.br\/blogdoralfereis\/wp-json\/wp\/v2\/posts\/3277","targetHints":{"allow":["GET"]}}],"collection":[{"href":"https:\/\/www.tribunanf.com.br\/blogdoralfereis\/wp-json\/wp\/v2\/posts"}],"about":[{"href":"https:\/\/www.tribunanf.com.br\/blogdoralfereis\/wp-json\/wp\/v2\/types\/post"}],"author":[{"embeddable":true,"href":"https:\/\/www.tribunanf.com.br\/blogdoralfereis\/wp-json\/wp\/v2\/users\/2"}],"replies":[{"embeddable":true,"href":"https:\/\/www.tribunanf.com.br\/blogdoralfereis\/wp-json\/wp\/v2\/comments?post=3277"}],"version-history":[{"count":0,"href":"https:\/\/www.tribunanf.com.br\/blogdoralfereis\/wp-json\/wp\/v2\/posts\/3277\/revisions"}],"wp:featuredmedia":[{"embeddable":true,"href":"https:\/\/www.tribunanf.com.br\/blogdoralfereis\/wp-json\/wp\/v2\/media\/3278"}],"wp:attachment":[{"href":"https:\/\/www.tribunanf.com.br\/blogdoralfereis\/wp-json\/wp\/v2\/media?parent=3277"}],"wp:term":[{"taxonomy":"category","embeddable":true,"href":"https:\/\/www.tribunanf.com.br\/blogdoralfereis\/wp-json\/wp\/v2\/categories?post=3277"},{"taxonomy":"post_tag","embeddable":true,"href":"https:\/\/www.tribunanf.com.br\/blogdoralfereis\/wp-json\/wp\/v2\/tags?post=3277"}],"curies":[{"name":"wp","href":"https:\/\/api.w.org\/{rel}","templated":true}]}}