{"id":3227,"date":"2020-01-08T14:10:06","date_gmt":"2020-01-08T16:10:06","guid":{"rendered":"https:\/\/www.tribunanf.com.br\/blogdoralfereis\/?p=3227"},"modified":"2020-01-08T14:12:31","modified_gmt":"2020-01-08T16:12:31","slug":"curtindo-ferias-em-orlando-witzel-cancela-transferencia-de-gabinete-para-campos","status":"publish","type":"post","link":"https:\/\/www.tribunanf.com.br\/blogdoralfereis\/2020\/01\/08\/curtindo-ferias-em-orlando-witzel-cancela-transferencia-de-gabinete-para-campos\/","title":{"rendered":"Curtindo f\u00e9rias em Orlando, Witzel cancela transfer\u00eancia de gabinete para Campos"},"content":{"rendered":"<p><img loading=\"lazy\" decoding=\"async\" class=\"aligncenter size-full wp-image-2714\" src=\"https:\/\/www.tribunanf.com.br\/blogdoralfereis\/wp-content\/uploads\/sites\/11\/2019\/09\/witzel.jpg\" alt=\"\" width=\"1086\" height=\"652\" srcset=\"https:\/\/www.tribunanf.com.br\/blogdoralfereis\/wp-content\/uploads\/sites\/11\/2019\/09\/witzel.jpg 1086w, https:\/\/www.tribunanf.com.br\/blogdoralfereis\/wp-content\/uploads\/sites\/11\/2019\/09\/witzel-300x180.jpg 300w, https:\/\/www.tribunanf.com.br\/blogdoralfereis\/wp-content\/uploads\/sites\/11\/2019\/09\/witzel-768x461.jpg 768w, https:\/\/www.tribunanf.com.br\/blogdoralfereis\/wp-content\/uploads\/sites\/11\/2019\/09\/witzel-1024x615.jpg 1024w\" sizes=\"auto, (max-width: 1086px) 100vw, 1086px\" \/><\/p>\n<p style=\"text-align: justify;\">Curtindo f\u00e9rias em Orlando, nos Estados Unidos, o governador Wilson Witzel cancelou a transfer\u00eancia do seu gabinete e de secret\u00e1rios para Campos. Em novembro, <a href=\"https:\/\/www.tribunanf.com.br\/blogdoralfereis\/2019\/11\/21\/witzel-vai-transferir-seu-gabinete-e-de-todos-os-secretarios-para-campos\/\">Witzel havia prometido ficar em Campos entre os dias 21 e 25 deste m\u00eas para atender os prefeitos de toda a regi\u00e3o e fiscalizar as a\u00e7\u00f5es do governo.<\/a><\/p>\n<p style=\"text-align: justify;\">A visita foi adiada para mar\u00e7o, mas sem data definida.<\/p>\n<p style=\"text-align: justify;\">No primeiro ano de mandato, \u00e9 poss\u00edvel que o atual governador j\u00e1 tenha viajado para o exterior mais do que Cabral tamb\u00e9m no in\u00edcio de mandato. \u00c9 assim que come\u00e7a. S\u00f3 n\u00e3o d\u00e1 para saber como termina.<\/p>\n","protected":false},"excerpt":{"rendered":"<p>Curtindo f\u00e9rias em Orlando, nos Estados Unidos, o governador Wilson Witzel cancelou a transfer\u00eancia do seu gabinete e de secret\u00e1rios&#8230;<\/p>\n","protected":false},"author":2,"featured_media":2714,"comment_status":"open","ping_status":"open","sticky":false,"template":"","format":"standard","meta":{"colormag_page_container_layout":"default_layout","colormag_page_sidebar_layout":"default_layout","jetpack_post_was_ever_published":false,"_jetpack_newsletter_access":"","_jetpack_dont_email_post_to_subs":false,"_jetpack_newsletter_tier_id":0,"_jetpack_memberships_contains_paywalled_content":false,"_jetpack_memberships_contains_paid_content":false,"footnotes":""},"categories":[2],"tags":[],"class_list":["post-3227","post","type-post","status-publish","format-standard","has-post-thumbnail","hentry","category-politica"],"jetpack_featured_media_url":"https:\/\/www.tribunanf.com.br\/blogdoralfereis\/wp-content\/uploads\/sites\/11\/2019\/09\/witzel.jpg","jetpack_sharing_enabled":true,"_links":{"self":[{"href":"https:\/\/www.tribunanf.com.br\/blogdoralfereis\/wp-json\/wp\/v2\/posts\/3227","targetHints":{"allow":["GET"]}}],"collection":[{"href":"https:\/\/www.tribunanf.com.br\/blogdoralfereis\/wp-json\/wp\/v2\/posts"}],"about":[{"href":"https:\/\/www.tribunanf.com.br\/blogdoralfereis\/wp-json\/wp\/v2\/types\/post"}],"author":[{"embeddable":true,"href":"https:\/\/www.tribunanf.com.br\/blogdoralfereis\/wp-json\/wp\/v2\/users\/2"}],"replies":[{"embeddable":true,"href":"https:\/\/www.tribunanf.com.br\/blogdoralfereis\/wp-json\/wp\/v2\/comments?post=3227"}],"version-history":[{"count":0,"href":"https:\/\/www.tribunanf.com.br\/blogdoralfereis\/wp-json\/wp\/v2\/posts\/3227\/revisions"}],"wp:featuredmedia":[{"embeddable":true,"href":"https:\/\/www.tribunanf.com.br\/blogdoralfereis\/wp-json\/wp\/v2\/media\/2714"}],"wp:attachment":[{"href":"https:\/\/www.tribunanf.com.br\/blogdoralfereis\/wp-json\/wp\/v2\/media?parent=3227"}],"wp:term":[{"taxonomy":"category","embeddable":true,"href":"https:\/\/www.tribunanf.com.br\/blogdoralfereis\/wp-json\/wp\/v2\/categories?post=3227"},{"taxonomy":"post_tag","embeddable":true,"href":"https:\/\/www.tribunanf.com.br\/blogdoralfereis\/wp-json\/wp\/v2\/tags?post=3227"}],"curies":[{"name":"wp","href":"https:\/\/api.w.org\/{rel}","templated":true}]}}