{"id":3196,"date":"2019-12-21T09:47:29","date_gmt":"2019-12-21T12:47:29","guid":{"rendered":"https:\/\/www.tribunanf.com.br\/blogdoralfereis\/?p=3196"},"modified":"2019-12-21T09:47:29","modified_gmt":"2019-12-21T12:47:29","slug":"mesmo-apos-tantos-escandalos-a-alerj-nao-abre-a-sua-caixa-preta","status":"publish","type":"post","link":"https:\/\/www.tribunanf.com.br\/blogdoralfereis\/2019\/12\/21\/mesmo-apos-tantos-escandalos-a-alerj-nao-abre-a-sua-caixa-preta\/","title":{"rendered":"Mesmo ap\u00f3s tantos esc\u00e2ndalos, a Alerj n\u00e3o abre a sua &#8216;caixa preta&#8217;"},"content":{"rendered":"<p><img loading=\"lazy\" decoding=\"async\" class=\"aligncenter size-full wp-image-3099\" src=\"https:\/\/www.tribunanf.com.br\/blogdoralfereis\/wp-content\/uploads\/sites\/11\/2019\/12\/alerj.jpg\" alt=\"\" width=\"1600\" height=\"1200\" srcset=\"https:\/\/www.tribunanf.com.br\/blogdoralfereis\/wp-content\/uploads\/sites\/11\/2019\/12\/alerj.jpg 1600w, https:\/\/www.tribunanf.com.br\/blogdoralfereis\/wp-content\/uploads\/sites\/11\/2019\/12\/alerj-300x225.jpg 300w, https:\/\/www.tribunanf.com.br\/blogdoralfereis\/wp-content\/uploads\/sites\/11\/2019\/12\/alerj-1024x768.jpg 1024w, https:\/\/www.tribunanf.com.br\/blogdoralfereis\/wp-content\/uploads\/sites\/11\/2019\/12\/alerj-768x576.jpg 768w, https:\/\/www.tribunanf.com.br\/blogdoralfereis\/wp-content\/uploads\/sites\/11\/2019\/12\/alerj-1536x1152.jpg 1536w\" sizes=\"auto, (max-width: 1600px) 100vw, 1600px\" \/><\/p>\n<p style=\"text-align: justify;\">Mesmo com todos os desvios e desmandos que ocorrem na Alerj \u2014 que levaram \u00e0 cadeia v\u00e1rios e importantes deputados \u2014, n\u00e3o h\u00e1 ainda movimenta\u00e7\u00e3o concreta do presidente da Casa, Andr\u00e9 Ceciliano (PT), para dar publicidade ao que fazem os auxiliares dos parlamentares. Agora mesmo, gra\u00e7as ao Judici\u00e1rio, soube-se que o ent\u00e3o deputado Fl\u00e1vio Bolsonaro mantinha na cidade de Resende (RJ), a 180km do Pal\u00e1cio Tiradentes, dez funcion\u00e1rios do seu gabinete, nove deles parentes de Ana Cristina Siqueira Valle, ex-mulher e m\u00e3e do filho homem mais novo do presidente Jair Bolsonaro.<\/p>\n<p style=\"text-align: justify;\">Coluna do Ancelmo Gois, O Globo*<\/p>\n","protected":false},"excerpt":{"rendered":"<p>Mesmo com todos os desvios e desmandos que ocorrem na Alerj \u2014 que levaram \u00e0 cadeia v\u00e1rios e importantes deputados&#8230;<\/p>\n","protected":false},"author":2,"featured_media":3099,"comment_status":"open","ping_status":"open","sticky":false,"template":"","format":"standard","meta":{"colormag_page_container_layout":"default_layout","colormag_page_sidebar_layout":"default_layout","jetpack_post_was_ever_published":false,"_jetpack_newsletter_access":"","_jetpack_dont_email_post_to_subs":false,"_jetpack_newsletter_tier_id":0,"_jetpack_memberships_contains_paywalled_content":false,"_jetpack_memberships_contains_paid_content":false,"footnotes":""},"categories":[2],"tags":[],"class_list":["post-3196","post","type-post","status-publish","format-standard","has-post-thumbnail","hentry","category-politica"],"jetpack_featured_media_url":"https:\/\/www.tribunanf.com.br\/blogdoralfereis\/wp-content\/uploads\/sites\/11\/2019\/12\/alerj.jpg","jetpack_sharing_enabled":true,"_links":{"self":[{"href":"https:\/\/www.tribunanf.com.br\/blogdoralfereis\/wp-json\/wp\/v2\/posts\/3196","targetHints":{"allow":["GET"]}}],"collection":[{"href":"https:\/\/www.tribunanf.com.br\/blogdoralfereis\/wp-json\/wp\/v2\/posts"}],"about":[{"href":"https:\/\/www.tribunanf.com.br\/blogdoralfereis\/wp-json\/wp\/v2\/types\/post"}],"author":[{"embeddable":true,"href":"https:\/\/www.tribunanf.com.br\/blogdoralfereis\/wp-json\/wp\/v2\/users\/2"}],"replies":[{"embeddable":true,"href":"https:\/\/www.tribunanf.com.br\/blogdoralfereis\/wp-json\/wp\/v2\/comments?post=3196"}],"version-history":[{"count":0,"href":"https:\/\/www.tribunanf.com.br\/blogdoralfereis\/wp-json\/wp\/v2\/posts\/3196\/revisions"}],"wp:featuredmedia":[{"embeddable":true,"href":"https:\/\/www.tribunanf.com.br\/blogdoralfereis\/wp-json\/wp\/v2\/media\/3099"}],"wp:attachment":[{"href":"https:\/\/www.tribunanf.com.br\/blogdoralfereis\/wp-json\/wp\/v2\/media?parent=3196"}],"wp:term":[{"taxonomy":"category","embeddable":true,"href":"https:\/\/www.tribunanf.com.br\/blogdoralfereis\/wp-json\/wp\/v2\/categories?post=3196"},{"taxonomy":"post_tag","embeddable":true,"href":"https:\/\/www.tribunanf.com.br\/blogdoralfereis\/wp-json\/wp\/v2\/tags?post=3196"}],"curies":[{"name":"wp","href":"https:\/\/api.w.org\/{rel}","templated":true}]}}