{"id":3191,"date":"2019-12-20T14:47:47","date_gmt":"2019-12-20T17:47:47","guid":{"rendered":"https:\/\/www.tribunanf.com.br\/blogdoralfereis\/?p=3191"},"modified":"2019-12-20T14:48:20","modified_gmt":"2019-12-20T17:48:20","slug":"mpf-denuncia-cartes-messer-e-mais-17","status":"publish","type":"post","link":"https:\/\/www.tribunanf.com.br\/blogdoralfereis\/2019\/12\/20\/mpf-denuncia-cartes-messer-e-mais-17\/","title":{"rendered":"MPF denuncia Cartes, Messer e mais 17"},"content":{"rendered":"<p><img loading=\"lazy\" decoding=\"async\" class=\"aligncenter size-full wp-image-1996\" src=\"https:\/\/www.tribunanf.com.br\/blogdoralfereis\/wp-content\/uploads\/sites\/11\/2019\/05\/dario.jpg\" alt=\"\" width=\"680\" height=\"453\" srcset=\"https:\/\/www.tribunanf.com.br\/blogdoralfereis\/wp-content\/uploads\/sites\/11\/2019\/05\/dario.jpg 680w, https:\/\/www.tribunanf.com.br\/blogdoralfereis\/wp-content\/uploads\/sites\/11\/2019\/05\/dario-300x200.jpg 300w\" sizes=\"auto, (max-width: 680px) 100vw, 680px\" \/><\/p>\n<p style=\"text-align: justify;\">O MPF apresentou ontem den\u00fancia contra o ex-presidente do Paraguai Horacio Cartes, o \u201cdoleiro dos doleiros\u201d Dario Messer e outras 17 pessoas, no \u00e2mbito da Opera\u00e7\u00e3o Patr\u00f3n.<\/p>\n<p style=\"text-align: justify;\">A den\u00fancia ser\u00e1 analisada pelo juiz Marcelo Bretas, da 7\u00aa Vara Federal Criminal do Rio.<\/p>\n<p style=\"text-align: justify;\">Messer foi denunciado pelos crimes de organiza\u00e7\u00e3o criminosa, c\u00e2mbio ilegal, evas\u00e3o de divisas e lavagem de dinheiro. Cartes, por organiza\u00e7\u00e3o criminosa.<\/p>\n<p style=\"text-align: justify;\">H\u00e1 11 brasileiros, sete paraguaios e um uruguaio entre os acusados.<\/p>\n<p style=\"text-align: justify;\">O Antagonista*<\/p>\n","protected":false},"excerpt":{"rendered":"<p>O MPF apresentou ontem den\u00fancia contra o ex-presidente do Paraguai Horacio Cartes, o \u201cdoleiro dos doleiros\u201d Dario Messer e outras&#8230;<\/p>\n","protected":false},"author":2,"featured_media":1996,"comment_status":"open","ping_status":"open","sticky":false,"template":"","format":"standard","meta":{"colormag_page_container_layout":"default_layout","colormag_page_sidebar_layout":"default_layout","jetpack_post_was_ever_published":false,"_jetpack_newsletter_access":"","_jetpack_dont_email_post_to_subs":false,"_jetpack_newsletter_tier_id":0,"_jetpack_memberships_contains_paywalled_content":false,"_jetpack_memberships_contains_paid_content":false,"footnotes":""},"categories":[2],"tags":[],"class_list":["post-3191","post","type-post","status-publish","format-standard","has-post-thumbnail","hentry","category-politica"],"jetpack_featured_media_url":"https:\/\/www.tribunanf.com.br\/blogdoralfereis\/wp-content\/uploads\/sites\/11\/2019\/05\/dario.jpg","jetpack_sharing_enabled":true,"_links":{"self":[{"href":"https:\/\/www.tribunanf.com.br\/blogdoralfereis\/wp-json\/wp\/v2\/posts\/3191","targetHints":{"allow":["GET"]}}],"collection":[{"href":"https:\/\/www.tribunanf.com.br\/blogdoralfereis\/wp-json\/wp\/v2\/posts"}],"about":[{"href":"https:\/\/www.tribunanf.com.br\/blogdoralfereis\/wp-json\/wp\/v2\/types\/post"}],"author":[{"embeddable":true,"href":"https:\/\/www.tribunanf.com.br\/blogdoralfereis\/wp-json\/wp\/v2\/users\/2"}],"replies":[{"embeddable":true,"href":"https:\/\/www.tribunanf.com.br\/blogdoralfereis\/wp-json\/wp\/v2\/comments?post=3191"}],"version-history":[{"count":0,"href":"https:\/\/www.tribunanf.com.br\/blogdoralfereis\/wp-json\/wp\/v2\/posts\/3191\/revisions"}],"wp:featuredmedia":[{"embeddable":true,"href":"https:\/\/www.tribunanf.com.br\/blogdoralfereis\/wp-json\/wp\/v2\/media\/1996"}],"wp:attachment":[{"href":"https:\/\/www.tribunanf.com.br\/blogdoralfereis\/wp-json\/wp\/v2\/media?parent=3191"}],"wp:term":[{"taxonomy":"category","embeddable":true,"href":"https:\/\/www.tribunanf.com.br\/blogdoralfereis\/wp-json\/wp\/v2\/categories?post=3191"},{"taxonomy":"post_tag","embeddable":true,"href":"https:\/\/www.tribunanf.com.br\/blogdoralfereis\/wp-json\/wp\/v2\/tags?post=3191"}],"curies":[{"name":"wp","href":"https:\/\/api.w.org\/{rel}","templated":true}]}}