{"id":3123,"date":"2019-12-10T19:33:26","date_gmt":"2019-12-10T22:33:26","guid":{"rendered":"https:\/\/www.tribunanf.com.br\/blogdoralfereis\/?p=3123"},"modified":"2019-12-10T19:33:26","modified_gmt":"2019-12-10T22:33:26","slug":"paulo-melo-vai-para-o-regime-semiaberto","status":"publish","type":"post","link":"https:\/\/www.tribunanf.com.br\/blogdoralfereis\/2019\/12\/10\/paulo-melo-vai-para-o-regime-semiaberto\/","title":{"rendered":"Paulo Melo vai para o regime semiaberto"},"content":{"rendered":"<p><img loading=\"lazy\" decoding=\"async\" class=\"aligncenter size-full wp-image-557\" src=\"https:\/\/www.tribunanf.com.br\/blogdoralfereis\/wp-content\/uploads\/sites\/11\/2018\/07\/paulo-melo-entrega-fabio-motta-estadao.jpg\" alt=\"\" width=\"1024\" height=\"711\" srcset=\"https:\/\/www.tribunanf.com.br\/blogdoralfereis\/wp-content\/uploads\/sites\/11\/2018\/07\/paulo-melo-entrega-fabio-motta-estadao.jpg 1024w, https:\/\/www.tribunanf.com.br\/blogdoralfereis\/wp-content\/uploads\/sites\/11\/2018\/07\/paulo-melo-entrega-fabio-motta-estadao-300x208.jpg 300w, https:\/\/www.tribunanf.com.br\/blogdoralfereis\/wp-content\/uploads\/sites\/11\/2018\/07\/paulo-melo-entrega-fabio-motta-estadao-768x533.jpg 768w, https:\/\/www.tribunanf.com.br\/blogdoralfereis\/wp-content\/uploads\/sites\/11\/2018\/07\/paulo-melo-entrega-fabio-motta-estadao-392x272.jpg 392w, https:\/\/www.tribunanf.com.br\/blogdoralfereis\/wp-content\/uploads\/sites\/11\/2018\/07\/paulo-melo-entrega-fabio-motta-estadao-130x90.jpg 130w\" sizes=\"auto, (max-width: 1024px) 100vw, 1024px\" \/><\/p>\n<p style=\"text-align: justify;\">O juiz da Vara de Execu\u00e7\u00f5es Penais do Rio de Janeiro, Rafael Estrela, concedeu a Paulo Melo o direito de que ele cumpra o restante de sua pena no regime semiaberto.<\/p>\n<p style=\"text-align: justify;\">A justificativa \u00e9 de que Melo \u201ccumpriu o tempo de pena necess\u00e1rio para progredir de regime em 07\/12\/2019\u201d, e que \u201csua ficha disciplinar atual n\u00e3o noticia faltas graves\u201d.<\/p>\n<p style=\"text-align: justify;\">No entanto, a defesa do ex-presidente da Assembleia Legislativa do Rio de Janeiro (Alerj) deve solicitar que a novo regime seja cumprido em casa e n\u00e3o no pres\u00eddio. Com a sa\u00edda do regime fechado, o ex-deputado precisa deixar a carceragem de Bangu 8 e ir para outra unidade prisional.<\/p>\n<p style=\"text-align: justify;\">Fonte: Blog do Lauro Jardim, O Globo.<\/p>\n","protected":false},"excerpt":{"rendered":"<p>O juiz da Vara de Execu\u00e7\u00f5es Penais do Rio de Janeiro, Rafael Estrela, concedeu a Paulo Melo o direito de&#8230;<\/p>\n","protected":false},"author":2,"featured_media":557,"comment_status":"open","ping_status":"open","sticky":false,"template":"","format":"standard","meta":{"colormag_page_container_layout":"default_layout","colormag_page_sidebar_layout":"default_layout","jetpack_post_was_ever_published":false,"_jetpack_newsletter_access":"","_jetpack_dont_email_post_to_subs":false,"_jetpack_newsletter_tier_id":0,"_jetpack_memberships_contains_paywalled_content":false,"_jetpack_memberships_contains_paid_content":false,"footnotes":""},"categories":[2],"tags":[],"class_list":["post-3123","post","type-post","status-publish","format-standard","has-post-thumbnail","hentry","category-politica"],"jetpack_featured_media_url":"https:\/\/www.tribunanf.com.br\/blogdoralfereis\/wp-content\/uploads\/sites\/11\/2018\/07\/paulo-melo-entrega-fabio-motta-estadao.jpg","jetpack_sharing_enabled":true,"_links":{"self":[{"href":"https:\/\/www.tribunanf.com.br\/blogdoralfereis\/wp-json\/wp\/v2\/posts\/3123","targetHints":{"allow":["GET"]}}],"collection":[{"href":"https:\/\/www.tribunanf.com.br\/blogdoralfereis\/wp-json\/wp\/v2\/posts"}],"about":[{"href":"https:\/\/www.tribunanf.com.br\/blogdoralfereis\/wp-json\/wp\/v2\/types\/post"}],"author":[{"embeddable":true,"href":"https:\/\/www.tribunanf.com.br\/blogdoralfereis\/wp-json\/wp\/v2\/users\/2"}],"replies":[{"embeddable":true,"href":"https:\/\/www.tribunanf.com.br\/blogdoralfereis\/wp-json\/wp\/v2\/comments?post=3123"}],"version-history":[{"count":0,"href":"https:\/\/www.tribunanf.com.br\/blogdoralfereis\/wp-json\/wp\/v2\/posts\/3123\/revisions"}],"wp:featuredmedia":[{"embeddable":true,"href":"https:\/\/www.tribunanf.com.br\/blogdoralfereis\/wp-json\/wp\/v2\/media\/557"}],"wp:attachment":[{"href":"https:\/\/www.tribunanf.com.br\/blogdoralfereis\/wp-json\/wp\/v2\/media?parent=3123"}],"wp:term":[{"taxonomy":"category","embeddable":true,"href":"https:\/\/www.tribunanf.com.br\/blogdoralfereis\/wp-json\/wp\/v2\/categories?post=3123"},{"taxonomy":"post_tag","embeddable":true,"href":"https:\/\/www.tribunanf.com.br\/blogdoralfereis\/wp-json\/wp\/v2\/tags?post=3123"}],"curies":[{"name":"wp","href":"https:\/\/api.w.org\/{rel}","templated":true}]}}