{"id":3117,"date":"2019-12-10T13:16:34","date_gmt":"2019-12-10T16:16:34","guid":{"rendered":"https:\/\/www.tribunanf.com.br\/blogdoralfereis\/?p=3117"},"modified":"2019-12-10T13:23:48","modified_gmt":"2019-12-10T16:23:48","slug":"juiz-heitor-campinho-determina-que-prefeitura-de-campos-pague-13o-salario-dos-servidores","status":"publish","type":"post","link":"https:\/\/www.tribunanf.com.br\/blogdoralfereis\/2019\/12\/10\/juiz-heitor-campinho-determina-que-prefeitura-de-campos-pague-13o-salario-dos-servidores\/","title":{"rendered":"Juiz Heitor Campinho determina que prefeitura de Campos pague 13\u00ba sal\u00e1rio dos Servidores"},"content":{"rendered":"<p><img loading=\"lazy\" decoding=\"async\" class=\"aligncenter size-full wp-image-638\" src=\"https:\/\/www.tribunanf.com.br\/blogdoralfereis\/wp-content\/uploads\/sites\/11\/2018\/08\/campos.jpg\" alt=\"\" width=\"735\" height=\"490\" srcset=\"https:\/\/www.tribunanf.com.br\/blogdoralfereis\/wp-content\/uploads\/sites\/11\/2018\/08\/campos.jpg 735w, https:\/\/www.tribunanf.com.br\/blogdoralfereis\/wp-content\/uploads\/sites\/11\/2018\/08\/campos-300x200.jpg 300w\" sizes=\"auto, (max-width: 735px) 100vw, 735px\" \/><\/p>\n<p style=\"text-align: justify;\">O juiz da 5\u00aa Vara C\u00edvel de Campos dos Goytacazes, Heitor Campinho, acaba de deferir um pedido de liminar para que \u00e0 prefeitura pague integralmente o 13\u00ba sal\u00e1rio dos servidores municipais at\u00e9 o dia 20 de dezembro.<\/p>\n<p style=\"text-align: justify;\">O pedido foi feito pelo Siprosep.<\/p>\n<p style=\"text-align: justify;\">&#8220;Considerando o or\u00e7amento anual elevado de mais de 1,5 bilh\u00e3o de reais e o car\u00e1ter alimentar do 13o sal\u00e1rio, n\u00e3o vislumbro justifcativa para o n\u00e3o pagamento da verba salarial, devendo o gestor p\u00fablico decidir pelo\u00a0 contingenciamento de outras verbas, se assim entender.<\/p>\n<p style=\"text-align: justify;\">Pelo exposto, defiro a liminar para que o Munic\u00edpio r\u00e9u seja compelido a quitar, integralmente e em \u00fanica parcela, o pagamento do d\u00e9cimo terceiro sal\u00e1rios dos servidores p\u00fablicos municipais estatut\u00e1rios da ativa, at\u00e9 a data de 20.12.2019, sob pena de desobedi\u00eancia e demais san\u00e7\u00f5es legais.&#8221;, decidiu o juiz.<\/p>\n<p><img loading=\"lazy\" decoding=\"async\" class=\"aligncenter size-full wp-image-3119\" src=\"https:\/\/www.tribunanf.com.br\/blogdoralfereis\/wp-content\/uploads\/sites\/11\/2019\/12\/0001-2019-12-10T132225.634-scaled.jpg\" alt=\"\" width=\"1978\" height=\"2560\" srcset=\"https:\/\/www.tribunanf.com.br\/blogdoralfereis\/wp-content\/uploads\/sites\/11\/2019\/12\/0001-2019-12-10T132225.634-scaled.jpg 1978w, https:\/\/www.tribunanf.com.br\/blogdoralfereis\/wp-content\/uploads\/sites\/11\/2019\/12\/0001-2019-12-10T132225.634-232x300.jpg 232w, https:\/\/www.tribunanf.com.br\/blogdoralfereis\/wp-content\/uploads\/sites\/11\/2019\/12\/0001-2019-12-10T132225.634-791x1024.jpg 791w, https:\/\/www.tribunanf.com.br\/blogdoralfereis\/wp-content\/uploads\/sites\/11\/2019\/12\/0001-2019-12-10T132225.634-768x994.jpg 768w, https:\/\/www.tribunanf.com.br\/blogdoralfereis\/wp-content\/uploads\/sites\/11\/2019\/12\/0001-2019-12-10T132225.634-1187x1536.jpg 1187w, https:\/\/www.tribunanf.com.br\/blogdoralfereis\/wp-content\/uploads\/sites\/11\/2019\/12\/0001-2019-12-10T132225.634-1583x2048.jpg 1583w\" sizes=\"auto, (max-width: 1978px) 100vw, 1978px\" \/><\/p>\n","protected":false},"excerpt":{"rendered":"<p>O juiz da 5\u00aa Vara C\u00edvel de Campos dos Goytacazes, Heitor Campinho, acaba de deferir um pedido de liminar para&#8230;<\/p>\n","protected":false},"author":2,"featured_media":638,"comment_status":"open","ping_status":"open","sticky":false,"template":"","format":"standard","meta":{"colormag_page_container_layout":"default_layout","colormag_page_sidebar_layout":"default_layout","jetpack_post_was_ever_published":false,"_jetpack_newsletter_access":"","_jetpack_dont_email_post_to_subs":false,"_jetpack_newsletter_tier_id":0,"_jetpack_memberships_contains_paywalled_content":false,"_jetpack_memberships_contains_paid_content":false,"footnotes":""},"categories":[2],"tags":[],"class_list":["post-3117","post","type-post","status-publish","format-standard","has-post-thumbnail","hentry","category-politica"],"jetpack_featured_media_url":"https:\/\/www.tribunanf.com.br\/blogdoralfereis\/wp-content\/uploads\/sites\/11\/2018\/08\/campos.jpg","jetpack_sharing_enabled":true,"_links":{"self":[{"href":"https:\/\/www.tribunanf.com.br\/blogdoralfereis\/wp-json\/wp\/v2\/posts\/3117","targetHints":{"allow":["GET"]}}],"collection":[{"href":"https:\/\/www.tribunanf.com.br\/blogdoralfereis\/wp-json\/wp\/v2\/posts"}],"about":[{"href":"https:\/\/www.tribunanf.com.br\/blogdoralfereis\/wp-json\/wp\/v2\/types\/post"}],"author":[{"embeddable":true,"href":"https:\/\/www.tribunanf.com.br\/blogdoralfereis\/wp-json\/wp\/v2\/users\/2"}],"replies":[{"embeddable":true,"href":"https:\/\/www.tribunanf.com.br\/blogdoralfereis\/wp-json\/wp\/v2\/comments?post=3117"}],"version-history":[{"count":0,"href":"https:\/\/www.tribunanf.com.br\/blogdoralfereis\/wp-json\/wp\/v2\/posts\/3117\/revisions"}],"wp:featuredmedia":[{"embeddable":true,"href":"https:\/\/www.tribunanf.com.br\/blogdoralfereis\/wp-json\/wp\/v2\/media\/638"}],"wp:attachment":[{"href":"https:\/\/www.tribunanf.com.br\/blogdoralfereis\/wp-json\/wp\/v2\/media?parent=3117"}],"wp:term":[{"taxonomy":"category","embeddable":true,"href":"https:\/\/www.tribunanf.com.br\/blogdoralfereis\/wp-json\/wp\/v2\/categories?post=3117"},{"taxonomy":"post_tag","embeddable":true,"href":"https:\/\/www.tribunanf.com.br\/blogdoralfereis\/wp-json\/wp\/v2\/tags?post=3117"}],"curies":[{"name":"wp","href":"https:\/\/api.w.org\/{rel}","templated":true}]}}