{"id":3112,"date":"2019-12-09T17:39:01","date_gmt":"2019-12-09T20:39:01","guid":{"rendered":"https:\/\/www.tribunanf.com.br\/blogdoralfereis\/?p=3112"},"modified":"2019-12-09T17:39:01","modified_gmt":"2019-12-09T20:39:01","slug":"assim-como-gabigol-ivete-dribla-witzel-em-festa-no-rio-de-janeiro","status":"publish","type":"post","link":"https:\/\/www.tribunanf.com.br\/blogdoralfereis\/2019\/12\/09\/assim-como-gabigol-ivete-dribla-witzel-em-festa-no-rio-de-janeiro\/","title":{"rendered":"Assim como Gabigol, Ivete dribla Witzel em festa no Rio de Janeiro"},"content":{"rendered":"<p><img loading=\"lazy\" decoding=\"async\" class=\"aligncenter size-full wp-image-2714\" src=\"https:\/\/www.tribunanf.com.br\/blogdoralfereis\/wp-content\/uploads\/sites\/11\/2019\/09\/witzel.jpg\" alt=\"\" width=\"1086\" height=\"652\" srcset=\"https:\/\/www.tribunanf.com.br\/blogdoralfereis\/wp-content\/uploads\/sites\/11\/2019\/09\/witzel.jpg 1086w, https:\/\/www.tribunanf.com.br\/blogdoralfereis\/wp-content\/uploads\/sites\/11\/2019\/09\/witzel-300x180.jpg 300w, https:\/\/www.tribunanf.com.br\/blogdoralfereis\/wp-content\/uploads\/sites\/11\/2019\/09\/witzel-768x461.jpg 768w, https:\/\/www.tribunanf.com.br\/blogdoralfereis\/wp-content\/uploads\/sites\/11\/2019\/09\/witzel-1024x615.jpg 1024w\" sizes=\"auto, (max-width: 1086px) 100vw, 1086px\" \/><\/p>\n<p style=\"text-align: justify;\">Na sexta-feira, Wilson Witzel compareceu \u00e0 festa dos 50 anos do escrit\u00f3rio S\u00e9rgio Bermudes, no Copacabana Palace \u2014 ele e cerca de 4 mil convidados. Beleza.<\/p>\n<p style=\"text-align: justify;\">Sabendo que Ivete Sangalo estava escalada para o show de encerramento da comemora\u00e7\u00e3o, Witzel pediu para ser levado at\u00e9 o camarim da baiana. Ivete fez chegar \u00e0 produ\u00e7\u00e3o da festa que n\u00e3o queria receb\u00ea-lo.<\/p>\n<p style=\"text-align: justify;\">A esnobada n\u00e3o foi t\u00e3o expl\u00edcita ou t\u00e3o filmada quanto a que Witzel levou de Gabigol h\u00e1 duas semanas, na final da Libertadores, mas revela que artistas e atletas est\u00e3o atentos na hora de unir suas imagens com a de pol\u00edticos.<\/p>\n<p style=\"text-align: justify;\">(Atualiza\u00e7\u00e3o, \u00e0s 11h23. A assessoria de Wilson Witzel entrou em contato para negar que a situa\u00e7\u00e3o descrita acima tenha ocorrido. A coluna mat\u00e9m a informa\u00e7\u00e3o publicada).<\/p>\n<p style=\"text-align: justify;\">Fonte: Blog do Lauro Jardim, O Globo.<\/p>\n","protected":false},"excerpt":{"rendered":"<p>Na sexta-feira, Wilson Witzel compareceu \u00e0 festa dos 50 anos do escrit\u00f3rio S\u00e9rgio Bermudes, no Copacabana Palace \u2014 ele e&#8230;<\/p>\n","protected":false},"author":2,"featured_media":2714,"comment_status":"open","ping_status":"open","sticky":false,"template":"","format":"standard","meta":{"colormag_page_container_layout":"default_layout","colormag_page_sidebar_layout":"default_layout","jetpack_post_was_ever_published":false,"_jetpack_newsletter_access":"","_jetpack_dont_email_post_to_subs":false,"_jetpack_newsletter_tier_id":0,"_jetpack_memberships_contains_paywalled_content":false,"_jetpack_memberships_contains_paid_content":false,"footnotes":""},"categories":[2],"tags":[],"class_list":["post-3112","post","type-post","status-publish","format-standard","has-post-thumbnail","hentry","category-politica"],"jetpack_featured_media_url":"https:\/\/www.tribunanf.com.br\/blogdoralfereis\/wp-content\/uploads\/sites\/11\/2019\/09\/witzel.jpg","jetpack_sharing_enabled":true,"_links":{"self":[{"href":"https:\/\/www.tribunanf.com.br\/blogdoralfereis\/wp-json\/wp\/v2\/posts\/3112","targetHints":{"allow":["GET"]}}],"collection":[{"href":"https:\/\/www.tribunanf.com.br\/blogdoralfereis\/wp-json\/wp\/v2\/posts"}],"about":[{"href":"https:\/\/www.tribunanf.com.br\/blogdoralfereis\/wp-json\/wp\/v2\/types\/post"}],"author":[{"embeddable":true,"href":"https:\/\/www.tribunanf.com.br\/blogdoralfereis\/wp-json\/wp\/v2\/users\/2"}],"replies":[{"embeddable":true,"href":"https:\/\/www.tribunanf.com.br\/blogdoralfereis\/wp-json\/wp\/v2\/comments?post=3112"}],"version-history":[{"count":0,"href":"https:\/\/www.tribunanf.com.br\/blogdoralfereis\/wp-json\/wp\/v2\/posts\/3112\/revisions"}],"wp:featuredmedia":[{"embeddable":true,"href":"https:\/\/www.tribunanf.com.br\/blogdoralfereis\/wp-json\/wp\/v2\/media\/2714"}],"wp:attachment":[{"href":"https:\/\/www.tribunanf.com.br\/blogdoralfereis\/wp-json\/wp\/v2\/media?parent=3112"}],"wp:term":[{"taxonomy":"category","embeddable":true,"href":"https:\/\/www.tribunanf.com.br\/blogdoralfereis\/wp-json\/wp\/v2\/categories?post=3112"},{"taxonomy":"post_tag","embeddable":true,"href":"https:\/\/www.tribunanf.com.br\/blogdoralfereis\/wp-json\/wp\/v2\/tags?post=3112"}],"curies":[{"name":"wp","href":"https:\/\/api.w.org\/{rel}","templated":true}]}}