{"id":3102,"date":"2019-12-05T18:03:13","date_gmt":"2019-12-05T21:03:13","guid":{"rendered":"https:\/\/www.tribunanf.com.br\/blogdoralfereis\/?p=3102"},"modified":"2019-12-05T19:43:42","modified_gmt":"2019-12-05T22:43:42","slug":"mprj-ajuiza-acao-para-que-alerj-demita-comissionados-e-convoque-concursados","status":"publish","type":"post","link":"https:\/\/www.tribunanf.com.br\/blogdoralfereis\/2019\/12\/05\/mprj-ajuiza-acao-para-que-alerj-demita-comissionados-e-convoque-concursados\/","title":{"rendered":"MPRJ aju\u00edza a\u00e7\u00e3o para que Alerj demita comissionados e convoque concursados"},"content":{"rendered":"<p><img loading=\"lazy\" decoding=\"async\" class=\"aligncenter size-full wp-image-1148\" src=\"https:\/\/www.tribunanf.com.br\/blogdoralfereis\/wp-content\/uploads\/sites\/11\/2018\/11\/alerj.jpeg\" alt=\"\" width=\"1327\" height=\"995\" srcset=\"https:\/\/www.tribunanf.com.br\/blogdoralfereis\/wp-content\/uploads\/sites\/11\/2018\/11\/alerj.jpeg 1327w, https:\/\/www.tribunanf.com.br\/blogdoralfereis\/wp-content\/uploads\/sites\/11\/2018\/11\/alerj-300x225.jpeg 300w, https:\/\/www.tribunanf.com.br\/blogdoralfereis\/wp-content\/uploads\/sites\/11\/2018\/11\/alerj-768x576.jpeg 768w, https:\/\/www.tribunanf.com.br\/blogdoralfereis\/wp-content\/uploads\/sites\/11\/2018\/11\/alerj-1024x768.jpeg 1024w\" sizes=\"auto, (max-width: 1327px) 100vw, 1327px\" \/><\/p>\n<p style=\"text-align: justify;\">O Minist\u00e9rio P\u00fablico do Estado do Rio de Janeiro (MPRJ), por meio da 6\u00aa Promotoria de Justi\u00e7a de Tutela Coletiva de Defesa da Cidadania, ajuizou a\u00e7\u00e3o civil p\u00fablica para que o Estado do Rio e a Assembleia Legislativa do Estado (Alerj) regularizem a situa\u00e7\u00e3o do quadro de pessoal da Casa, tomando, entre outras medidas, a decis\u00e3o de n\u00e3o mais admitir servidores p\u00fablicos em desacordo com a regra do pr\u00e9vio concurso p\u00fablico, prevista no artigo 37, inciso II, da Constitui\u00e7\u00e3o Federal. Diversas den\u00fancias remetidas \u00e0 Ouvidoria do MPRJ relataram que a Casa Legislativa mant\u00e9m em seus quadros um n\u00famero de servidores comissionados mais elevado do que o de servidores efetivos, contrariando a legisla\u00e7\u00e3o vigente. Al\u00e9m disso, diversos candidatos aprovados no concurso p\u00fablico para a Alerj t\u00eam sido preteridos na convoca\u00e7\u00e3o em favor da nomea\u00e7\u00e3o de servidores comissionados.<\/p>\n<p style=\"text-align: justify;\">De acordo com levantamento realizado pela 6\u00aa Promotoria de Justi\u00e7a de Tutela Coletiva de Defesa da Cidadania, a Alerj declarou contar com 658 servidores de provimento efetivo, 3.423 servidores comissionados, 631 requisitados de outros \u00f3rg\u00e3os e quatro procuradores em seus quadros. Os dados mostram que existem, em m\u00e9dia, sete servidores comissionados para cada servidor estatut\u00e1rio quando a an\u00e1lise se d\u00e1 levando em conta todo o efetivo da Assembleia, propor\u00e7\u00e3o que cai para tr\u00eas funcion\u00e1rios comissionados para cada servidor efetivo quando se analisa apenas a \u00e1rea administrativa da Casa. O confronto dos dados encaminhados pela Alerj com os extra\u00eddos do Portal da Transpar\u00eancia da Casa, demonstra que a Assembleia preenche seu quadro t\u00e9cnico com cerca de 86% de servidores de provimento por comiss\u00e3o e 16% de servidores de provimento efetivo, descumprindo decis\u00e3o do Supremo Tribunal Federal.<\/p>\n<p style=\"text-align: justify;\">Como tem se tornado reconhecida na Casa a pr\u00e1tica de nomea\u00e7\u00e3o para cargos de provimento em comiss\u00e3o em total despropor\u00e7\u00e3o ao quantitativo de cargos efetivos existentes, al\u00e9m do uso de cargos comissionados para o apadrinhamento e efetiva\u00e7\u00e3o de interesses privados, requer o MPRJ ao Governo do Estado e \u00e0 Alerj, entre outros pedidos: que observem o disposto no art. 37, inciso V da Constitui\u00e7\u00e3o Federal\/88, de modo que as fun\u00e7\u00f5es de confian\u00e7a e cargos em comiss\u00e3o destinem-se, exclusivamente, \u00e0s fun\u00e7\u00f5es de dire\u00e7\u00e3o, chefia e assessoramento; passem a cumprir a necess\u00e1ria rela\u00e7\u00e3o de proporcionalidade entre o n\u00famero de cargos comissionados e o n\u00famero de servidores ocupantes de cargos efetivos, observando o percentual de no m\u00e1ximo 50% do quantitativo dos cargos efetivos; promovam a exonera\u00e7\u00e3o, no prazo de at\u00e9 90 dias do tr\u00e2nsito em julgado, de todas as pessoas nomeadas para o exerc\u00edcio de cargos comissionados, cuja nomea\u00e7\u00e3o ocorreu em viola\u00e7\u00e3o ao disposto no artigo 37 da Constitui\u00e7\u00e3o Federal; e que realizem concurso p\u00fablico, no prazo de 180 dias, para o provimento de cargos efetivos do quadro de carreira da Alerj, em n\u00famero suficiente ao fiel cumprimento de sua fun\u00e7\u00e3o institucional.<\/p>\n<p style=\"text-align: justify;\"><a href=\"http:\/\/www.mprj.mp.br\/documents\/20184\/540394\/inicial_exc_cargos_alerj.pdf\" target=\"_blank\" rel=\"noopener\">Veja aqui a \u00edntegra da ACP.<\/a><\/p>\n<p style=\"text-align: justify;\">Fonte: MPRJ<\/p>\n","protected":false},"excerpt":{"rendered":"<p>O Minist\u00e9rio P\u00fablico do Estado do Rio de Janeiro (MPRJ), por meio da 6\u00aa Promotoria de Justi\u00e7a de Tutela Coletiva&#8230;<\/p>\n","protected":false},"author":2,"featured_media":1148,"comment_status":"open","ping_status":"open","sticky":false,"template":"","format":"standard","meta":{"colormag_page_container_layout":"default_layout","colormag_page_sidebar_layout":"default_layout","jetpack_post_was_ever_published":false,"_jetpack_newsletter_access":"","_jetpack_dont_email_post_to_subs":false,"_jetpack_newsletter_tier_id":0,"_jetpack_memberships_contains_paywalled_content":false,"_jetpack_memberships_contains_paid_content":false,"footnotes":""},"categories":[2],"tags":[],"class_list":["post-3102","post","type-post","status-publish","format-standard","has-post-thumbnail","hentry","category-politica"],"jetpack_featured_media_url":"https:\/\/www.tribunanf.com.br\/blogdoralfereis\/wp-content\/uploads\/sites\/11\/2018\/11\/alerj.jpeg","jetpack_sharing_enabled":true,"_links":{"self":[{"href":"https:\/\/www.tribunanf.com.br\/blogdoralfereis\/wp-json\/wp\/v2\/posts\/3102","targetHints":{"allow":["GET"]}}],"collection":[{"href":"https:\/\/www.tribunanf.com.br\/blogdoralfereis\/wp-json\/wp\/v2\/posts"}],"about":[{"href":"https:\/\/www.tribunanf.com.br\/blogdoralfereis\/wp-json\/wp\/v2\/types\/post"}],"author":[{"embeddable":true,"href":"https:\/\/www.tribunanf.com.br\/blogdoralfereis\/wp-json\/wp\/v2\/users\/2"}],"replies":[{"embeddable":true,"href":"https:\/\/www.tribunanf.com.br\/blogdoralfereis\/wp-json\/wp\/v2\/comments?post=3102"}],"version-history":[{"count":0,"href":"https:\/\/www.tribunanf.com.br\/blogdoralfereis\/wp-json\/wp\/v2\/posts\/3102\/revisions"}],"wp:featuredmedia":[{"embeddable":true,"href":"https:\/\/www.tribunanf.com.br\/blogdoralfereis\/wp-json\/wp\/v2\/media\/1148"}],"wp:attachment":[{"href":"https:\/\/www.tribunanf.com.br\/blogdoralfereis\/wp-json\/wp\/v2\/media?parent=3102"}],"wp:term":[{"taxonomy":"category","embeddable":true,"href":"https:\/\/www.tribunanf.com.br\/blogdoralfereis\/wp-json\/wp\/v2\/categories?post=3102"},{"taxonomy":"post_tag","embeddable":true,"href":"https:\/\/www.tribunanf.com.br\/blogdoralfereis\/wp-json\/wp\/v2\/tags?post=3102"}],"curies":[{"name":"wp","href":"https:\/\/api.w.org\/{rel}","templated":true}]}}