{"id":3095,"date":"2019-12-03T08:22:53","date_gmt":"2019-12-03T11:22:53","guid":{"rendered":"https:\/\/www.tribunanf.com.br\/blogdoralfereis\/?p=3095"},"modified":"2019-12-03T08:22:53","modified_gmt":"2019-12-03T11:22:53","slug":"pudim-quer-se-candidatar-a-vereador-pelo-pt-em-2020","status":"publish","type":"post","link":"https:\/\/www.tribunanf.com.br\/blogdoralfereis\/2019\/12\/03\/pudim-quer-se-candidatar-a-vereador-pelo-pt-em-2020\/","title":{"rendered":"Pudim quer se candidatar a vereador pelo PT em 2020"},"content":{"rendered":"<p><img loading=\"lazy\" decoding=\"async\" class=\"aligncenter size-full wp-image-3096\" src=\"https:\/\/www.tribunanf.com.br\/blogdoralfereis\/wp-content\/uploads\/sites\/11\/2019\/12\/pudim.jpg\" alt=\"\" width=\"800\" height=\"450\" srcset=\"https:\/\/www.tribunanf.com.br\/blogdoralfereis\/wp-content\/uploads\/sites\/11\/2019\/12\/pudim.jpg 800w, https:\/\/www.tribunanf.com.br\/blogdoralfereis\/wp-content\/uploads\/sites\/11\/2019\/12\/pudim-300x169.jpg 300w, https:\/\/www.tribunanf.com.br\/blogdoralfereis\/wp-content\/uploads\/sites\/11\/2019\/12\/pudim-768x432.jpg 768w\" sizes=\"auto, (max-width: 800px) 100vw, 800px\" \/><\/p>\n<p style=\"text-align: justify;\">O ex-deputado Geraldo Pudim quer se candidatar a vereador pelo Partido dos Trabalhadores (PT) em 2020, informa um jornal local.<\/p>\n<p style=\"text-align: justify;\">Desde o rompimento com a fam\u00edlia Garotinho, Pudim n\u00e3o vem obtendo sucesso nas disputas eleitorais.<\/p>\n<p style=\"text-align: justify;\">A prop\u00f3sito, a elei\u00e7\u00e3o para o legislativo n\u00e3o deve ser nada f\u00e1cil com o fim das coliga\u00e7\u00f5es partid\u00e1rias.<\/p>\n","protected":false},"excerpt":{"rendered":"<p>O ex-deputado Geraldo Pudim quer se candidatar a vereador pelo Partido dos Trabalhadores (PT) em 2020, informa um jornal local&#8230;.<\/p>\n","protected":false},"author":2,"featured_media":3096,"comment_status":"open","ping_status":"open","sticky":false,"template":"","format":"standard","meta":{"colormag_page_container_layout":"default_layout","colormag_page_sidebar_layout":"default_layout","jetpack_post_was_ever_published":false,"_jetpack_newsletter_access":"","_jetpack_dont_email_post_to_subs":false,"_jetpack_newsletter_tier_id":0,"_jetpack_memberships_contains_paywalled_content":false,"_jetpack_memberships_contains_paid_content":false,"footnotes":""},"categories":[2],"tags":[],"class_list":["post-3095","post","type-post","status-publish","format-standard","has-post-thumbnail","hentry","category-politica"],"jetpack_featured_media_url":"https:\/\/www.tribunanf.com.br\/blogdoralfereis\/wp-content\/uploads\/sites\/11\/2019\/12\/pudim.jpg","jetpack_sharing_enabled":true,"_links":{"self":[{"href":"https:\/\/www.tribunanf.com.br\/blogdoralfereis\/wp-json\/wp\/v2\/posts\/3095","targetHints":{"allow":["GET"]}}],"collection":[{"href":"https:\/\/www.tribunanf.com.br\/blogdoralfereis\/wp-json\/wp\/v2\/posts"}],"about":[{"href":"https:\/\/www.tribunanf.com.br\/blogdoralfereis\/wp-json\/wp\/v2\/types\/post"}],"author":[{"embeddable":true,"href":"https:\/\/www.tribunanf.com.br\/blogdoralfereis\/wp-json\/wp\/v2\/users\/2"}],"replies":[{"embeddable":true,"href":"https:\/\/www.tribunanf.com.br\/blogdoralfereis\/wp-json\/wp\/v2\/comments?post=3095"}],"version-history":[{"count":0,"href":"https:\/\/www.tribunanf.com.br\/blogdoralfereis\/wp-json\/wp\/v2\/posts\/3095\/revisions"}],"wp:featuredmedia":[{"embeddable":true,"href":"https:\/\/www.tribunanf.com.br\/blogdoralfereis\/wp-json\/wp\/v2\/media\/3096"}],"wp:attachment":[{"href":"https:\/\/www.tribunanf.com.br\/blogdoralfereis\/wp-json\/wp\/v2\/media?parent=3095"}],"wp:term":[{"taxonomy":"category","embeddable":true,"href":"https:\/\/www.tribunanf.com.br\/blogdoralfereis\/wp-json\/wp\/v2\/categories?post=3095"},{"taxonomy":"post_tag","embeddable":true,"href":"https:\/\/www.tribunanf.com.br\/blogdoralfereis\/wp-json\/wp\/v2\/tags?post=3095"}],"curies":[{"name":"wp","href":"https:\/\/api.w.org\/{rel}","templated":true}]}}