{"id":3088,"date":"2019-12-02T19:43:52","date_gmt":"2019-12-02T22:43:52","guid":{"rendered":"https:\/\/www.tribunanf.com.br\/blogdoralfereis\/?p=3088"},"modified":"2019-12-02T19:56:23","modified_gmt":"2019-12-02T22:56:23","slug":"rafael-diniz-sanciona-lei-que-proibe-aguas-do-paraiba-de-cobrar-taxa-de-religacao-para-clientes-do-cadunico","status":"publish","type":"post","link":"https:\/\/www.tribunanf.com.br\/blogdoralfereis\/2019\/12\/02\/rafael-diniz-sanciona-lei-que-proibe-aguas-do-paraiba-de-cobrar-taxa-de-religacao-para-clientes-do-cadunico\/","title":{"rendered":"Rafael Diniz sanciona lei que pro\u00edbe \u00c1guas do Para\u00edba de cobrar taxa de religa\u00e7\u00e3o para clientes do Cad\u00danico"},"content":{"rendered":"<p><img loading=\"lazy\" decoding=\"async\" class=\"aligncenter size-full wp-image-474\" src=\"https:\/\/www.tribunanf.com.br\/blogdoralfereis\/wp-content\/uploads\/sites\/11\/2018\/07\/\u00e1guas-do-Para\u00edba-2.jpg\" alt=\"\" width=\"640\" height=\"363\" srcset=\"https:\/\/www.tribunanf.com.br\/blogdoralfereis\/wp-content\/uploads\/sites\/11\/2018\/07\/\u00e1guas-do-Para\u00edba-2.jpg 640w, https:\/\/www.tribunanf.com.br\/blogdoralfereis\/wp-content\/uploads\/sites\/11\/2018\/07\/\u00e1guas-do-Para\u00edba-2-300x170.jpg 300w\" sizes=\"auto, (max-width: 640px) 100vw, 640px\" \/><\/p>\n<p style=\"text-align: justify;\">O Prefeito de Campos dos Goytacazes, Rafael Diniz, sancionou, nesta segunda-feira (2), a Lei n\u00ba 8.960 que disp\u00f5e sobre a proibi\u00e7\u00e3o de cobran\u00e7a de taxa de religa\u00e7\u00e3o de \u00e1gua pela Concession\u00e1ria \u00c1guas do Para\u00edba aos clientes cadastrados no Cad\u00danico.<\/p>\n<p style=\"text-align: justify;\">O Cad\u00danico (Cadastro \u00danico para Programas Sociais do Governo Federal) identifica todas as fam\u00edlias de baixa renda existentes no pa\u00eds para fins de inclus\u00e3o em programas de assist\u00eancia social e redistribui\u00e7\u00e3o de renda.<\/p>\n<p style=\"text-align: justify;\">De acordo com a lei sancionada pelo prefeito, <em>&#8220;Fica proibida a cobran\u00e7a de taxa de religa\u00e7\u00e3o de \u00e1gua pela Concession\u00e1ria \u00c1guas do Para\u00edba, devido ao corte de fornecimento por falta de pagamento, aos clientes cadastrados no Cad\u00danico.&#8221;<\/em><\/p>\n<p style=\"text-align: justify;\">Em Campos, cerca de 64.123 fam\u00edlias est\u00e3o inseridas no Cad\u00danico.<\/p>\n<p style=\"text-align: justify;\">O projeto de lei foi proposto pelo l\u00edder do governo, vereador Gen\u00e1sio.<\/p>\n<p>&nbsp;<\/p>\n<p><img loading=\"lazy\" decoding=\"async\" class=\"aligncenter size-full wp-image-3089\" src=\"https:\/\/www.tribunanf.com.br\/blogdoralfereis\/wp-content\/uploads\/sites\/11\/2019\/12\/agua.png\" alt=\"\" width=\"504\" height=\"474\" srcset=\"https:\/\/www.tribunanf.com.br\/blogdoralfereis\/wp-content\/uploads\/sites\/11\/2019\/12\/agua.png 504w, https:\/\/www.tribunanf.com.br\/blogdoralfereis\/wp-content\/uploads\/sites\/11\/2019\/12\/agua-300x282.png 300w\" sizes=\"auto, (max-width: 504px) 100vw, 504px\" \/><\/p>\n","protected":false},"excerpt":{"rendered":"<p>O Prefeito de Campos dos Goytacazes, Rafael Diniz, sancionou, nesta segunda-feira (2), a Lei n\u00ba 8.960 que disp\u00f5e sobre a&#8230;<\/p>\n","protected":false},"author":2,"featured_media":474,"comment_status":"open","ping_status":"open","sticky":false,"template":"","format":"standard","meta":{"colormag_page_container_layout":"default_layout","colormag_page_sidebar_layout":"default_layout","jetpack_post_was_ever_published":false,"_jetpack_newsletter_access":"","_jetpack_dont_email_post_to_subs":false,"_jetpack_newsletter_tier_id":0,"_jetpack_memberships_contains_paywalled_content":false,"_jetpack_memberships_contains_paid_content":false,"footnotes":""},"categories":[2],"tags":[],"class_list":["post-3088","post","type-post","status-publish","format-standard","has-post-thumbnail","hentry","category-politica"],"jetpack_featured_media_url":"https:\/\/www.tribunanf.com.br\/blogdoralfereis\/wp-content\/uploads\/sites\/11\/2018\/07\/\u00e1guas-do-Para\u00edba-2.jpg","jetpack_sharing_enabled":true,"_links":{"self":[{"href":"https:\/\/www.tribunanf.com.br\/blogdoralfereis\/wp-json\/wp\/v2\/posts\/3088","targetHints":{"allow":["GET"]}}],"collection":[{"href":"https:\/\/www.tribunanf.com.br\/blogdoralfereis\/wp-json\/wp\/v2\/posts"}],"about":[{"href":"https:\/\/www.tribunanf.com.br\/blogdoralfereis\/wp-json\/wp\/v2\/types\/post"}],"author":[{"embeddable":true,"href":"https:\/\/www.tribunanf.com.br\/blogdoralfereis\/wp-json\/wp\/v2\/users\/2"}],"replies":[{"embeddable":true,"href":"https:\/\/www.tribunanf.com.br\/blogdoralfereis\/wp-json\/wp\/v2\/comments?post=3088"}],"version-history":[{"count":0,"href":"https:\/\/www.tribunanf.com.br\/blogdoralfereis\/wp-json\/wp\/v2\/posts\/3088\/revisions"}],"wp:featuredmedia":[{"embeddable":true,"href":"https:\/\/www.tribunanf.com.br\/blogdoralfereis\/wp-json\/wp\/v2\/media\/474"}],"wp:attachment":[{"href":"https:\/\/www.tribunanf.com.br\/blogdoralfereis\/wp-json\/wp\/v2\/media?parent=3088"}],"wp:term":[{"taxonomy":"category","embeddable":true,"href":"https:\/\/www.tribunanf.com.br\/blogdoralfereis\/wp-json\/wp\/v2\/categories?post=3088"},{"taxonomy":"post_tag","embeddable":true,"href":"https:\/\/www.tribunanf.com.br\/blogdoralfereis\/wp-json\/wp\/v2\/tags?post=3088"}],"curies":[{"name":"wp","href":"https:\/\/api.w.org\/{rel}","templated":true}]}}