{"id":3045,"date":"2019-11-21T10:57:28","date_gmt":"2019-11-21T13:57:28","guid":{"rendered":"https:\/\/www.tribunanf.com.br\/blogdoralfereis\/?p=3045"},"modified":"2019-11-21T11:00:32","modified_gmt":"2019-11-21T14:00:32","slug":"clarissa-garotinho-rebate-deltan-dallagnol","status":"publish","type":"post","link":"https:\/\/www.tribunanf.com.br\/blogdoralfereis\/2019\/11\/21\/clarissa-garotinho-rebate-deltan-dallagnol\/","title":{"rendered":"Clarissa Garotinho rebate Deltan Dallagnol"},"content":{"rendered":"<p><img loading=\"lazy\" decoding=\"async\" class=\"aligncenter size-full wp-image-2810\" src=\"https:\/\/www.tribunanf.com.br\/blogdoralfereis\/wp-content\/uploads\/sites\/11\/2019\/10\/Clarissa-Garotinho-1-723x375.jpg\" alt=\"\" width=\"723\" height=\"375\" srcset=\"https:\/\/www.tribunanf.com.br\/blogdoralfereis\/wp-content\/uploads\/sites\/11\/2019\/10\/Clarissa-Garotinho-1-723x375.jpg 723w, https:\/\/www.tribunanf.com.br\/blogdoralfereis\/wp-content\/uploads\/sites\/11\/2019\/10\/Clarissa-Garotinho-1-723x375-300x156.jpg 300w\" sizes=\"auto, (max-width: 723px) 100vw, 723px\" \/><\/p>\n<p style=\"text-align: justify;\">A deputada federal Clarissa Garotinho (PROS) rebateu o procurador Deltan Dallagnol, que resmungou no twitter sobre a decis\u00e3o de <a href=\"https:\/\/www.tribunanf.com.br\/ministra-do-stj-reconhece-prescricao-e-anula-condenacao-de-garotinho-na-operacao-seguranca-s-a\/\">anula\u00e7\u00e3o da condena\u00e7\u00e3o por forma\u00e7\u00e3o de quadrilha do ex-governador Anthony Garotinho<\/a>.<\/p>\n<p style=\"text-align: justify;\">Combatente igual ao pai, Clarissa respondeu a altura.<\/p>\n<p><img loading=\"lazy\" decoding=\"async\" class=\"aligncenter size-full wp-image-3046\" src=\"https:\/\/www.tribunanf.com.br\/blogdoralfereis\/wp-content\/uploads\/sites\/11\/2019\/11\/Sem-t\u00edtulo.png\" alt=\"\" width=\"602\" height=\"419\" srcset=\"https:\/\/www.tribunanf.com.br\/blogdoralfereis\/wp-content\/uploads\/sites\/11\/2019\/11\/Sem-t\u00edtulo.png 602w, https:\/\/www.tribunanf.com.br\/blogdoralfereis\/wp-content\/uploads\/sites\/11\/2019\/11\/Sem-t\u00edtulo-300x209.png 300w, https:\/\/www.tribunanf.com.br\/blogdoralfereis\/wp-content\/uploads\/sites\/11\/2019\/11\/Sem-t\u00edtulo-392x272.png 392w, https:\/\/www.tribunanf.com.br\/blogdoralfereis\/wp-content\/uploads\/sites\/11\/2019\/11\/Sem-t\u00edtulo-130x90.png 130w\" sizes=\"auto, (max-width: 602px) 100vw, 602px\" \/><\/p>\n<p><img loading=\"lazy\" decoding=\"async\" class=\"aligncenter  wp-image-3048\" src=\"https:\/\/www.tribunanf.com.br\/blogdoralfereis\/wp-content\/uploads\/sites\/11\/2019\/11\/cdbaede9-ef2e-4983-9699-3a4cc5540036.jpg\" alt=\"\" width=\"572\" height=\"659\" srcset=\"https:\/\/www.tribunanf.com.br\/blogdoralfereis\/wp-content\/uploads\/sites\/11\/2019\/11\/cdbaede9-ef2e-4983-9699-3a4cc5540036.jpg 828w, https:\/\/www.tribunanf.com.br\/blogdoralfereis\/wp-content\/uploads\/sites\/11\/2019\/11\/cdbaede9-ef2e-4983-9699-3a4cc5540036-261x300.jpg 261w, https:\/\/www.tribunanf.com.br\/blogdoralfereis\/wp-content\/uploads\/sites\/11\/2019\/11\/cdbaede9-ef2e-4983-9699-3a4cc5540036-768x884.jpg 768w\" sizes=\"auto, (max-width: 572px) 100vw, 572px\" \/><\/p>\n","protected":false},"excerpt":{"rendered":"<p>A deputada federal Clarissa Garotinho (PROS) rebateu o procurador Deltan Dallagnol, que resmungou no twitter sobre a decis\u00e3o de anula\u00e7\u00e3o&#8230;<\/p>\n","protected":false},"author":2,"featured_media":2810,"comment_status":"open","ping_status":"open","sticky":false,"template":"","format":"standard","meta":{"colormag_page_container_layout":"default_layout","colormag_page_sidebar_layout":"default_layout","jetpack_post_was_ever_published":false,"_jetpack_newsletter_access":"","_jetpack_dont_email_post_to_subs":false,"_jetpack_newsletter_tier_id":0,"_jetpack_memberships_contains_paywalled_content":false,"_jetpack_memberships_contains_paid_content":false,"footnotes":""},"categories":[2],"tags":[],"class_list":["post-3045","post","type-post","status-publish","format-standard","has-post-thumbnail","hentry","category-politica"],"jetpack_featured_media_url":"https:\/\/www.tribunanf.com.br\/blogdoralfereis\/wp-content\/uploads\/sites\/11\/2019\/10\/Clarissa-Garotinho-1-723x375.jpg","jetpack_sharing_enabled":true,"_links":{"self":[{"href":"https:\/\/www.tribunanf.com.br\/blogdoralfereis\/wp-json\/wp\/v2\/posts\/3045","targetHints":{"allow":["GET"]}}],"collection":[{"href":"https:\/\/www.tribunanf.com.br\/blogdoralfereis\/wp-json\/wp\/v2\/posts"}],"about":[{"href":"https:\/\/www.tribunanf.com.br\/blogdoralfereis\/wp-json\/wp\/v2\/types\/post"}],"author":[{"embeddable":true,"href":"https:\/\/www.tribunanf.com.br\/blogdoralfereis\/wp-json\/wp\/v2\/users\/2"}],"replies":[{"embeddable":true,"href":"https:\/\/www.tribunanf.com.br\/blogdoralfereis\/wp-json\/wp\/v2\/comments?post=3045"}],"version-history":[{"count":0,"href":"https:\/\/www.tribunanf.com.br\/blogdoralfereis\/wp-json\/wp\/v2\/posts\/3045\/revisions"}],"wp:featuredmedia":[{"embeddable":true,"href":"https:\/\/www.tribunanf.com.br\/blogdoralfereis\/wp-json\/wp\/v2\/media\/2810"}],"wp:attachment":[{"href":"https:\/\/www.tribunanf.com.br\/blogdoralfereis\/wp-json\/wp\/v2\/media?parent=3045"}],"wp:term":[{"taxonomy":"category","embeddable":true,"href":"https:\/\/www.tribunanf.com.br\/blogdoralfereis\/wp-json\/wp\/v2\/categories?post=3045"},{"taxonomy":"post_tag","embeddable":true,"href":"https:\/\/www.tribunanf.com.br\/blogdoralfereis\/wp-json\/wp\/v2\/tags?post=3045"}],"curies":[{"name":"wp","href":"https:\/\/api.w.org\/{rel}","templated":true}]}}