{"id":3040,"date":"2019-11-20T22:04:49","date_gmt":"2019-11-21T01:04:49","guid":{"rendered":"https:\/\/www.tribunanf.com.br\/blogdoralfereis\/?p=3040"},"modified":"2019-11-20T22:04:49","modified_gmt":"2019-11-21T01:04:49","slug":"presidente-do-tj-assume-governo-do-rio","status":"publish","type":"post","link":"https:\/\/www.tribunanf.com.br\/blogdoralfereis\/2019\/11\/20\/presidente-do-tj-assume-governo-do-rio\/","title":{"rendered":"Presidente do TJ assume governo do Rio"},"content":{"rendered":"<p><img loading=\"lazy\" decoding=\"async\" class=\"aligncenter size-full wp-image-3041\" src=\"https:\/\/www.tribunanf.com.br\/blogdoralfereis\/wp-content\/uploads\/sites\/11\/2019\/11\/claudio-melo.jpg\" alt=\"\" width=\"964\" height=\"720\" srcset=\"https:\/\/www.tribunanf.com.br\/blogdoralfereis\/wp-content\/uploads\/sites\/11\/2019\/11\/claudio-melo.jpg 964w, https:\/\/www.tribunanf.com.br\/blogdoralfereis\/wp-content\/uploads\/sites\/11\/2019\/11\/claudio-melo-300x224.jpg 300w, https:\/\/www.tribunanf.com.br\/blogdoralfereis\/wp-content\/uploads\/sites\/11\/2019\/11\/claudio-melo-768x574.jpg 768w\" sizes=\"auto, (max-width: 964px) 100vw, 964px\" \/><\/p>\n<p style=\"text-align: justify;\">O presidente do Tribunal de Justi\u00e7a, Cl\u00e1udio de Mello Tavares, vai assumir interinamente o governo do estado do Rio a partir de sexta-feira (22). O motivo \u00e9 a viagem do governador Wilson Witzel e do vice-governador Cl\u00e1udio Castro para assistir \u00e0 final da Libertadores, em Lima.<\/p>\n<p style=\"text-align: justify;\">Com a viagem do governador e do vice, o presidente da Assembleia Legislativa (Alerj), Andr\u00e9 Ceciliano (PT), deveria assumir o governo, mas ele tamb\u00e9m est\u00e1 em Lima para assistir ao jogo do Flamengo.<\/p>\n<p style=\"text-align: justify;\">De acordo com a assessoria do governo, Witzel foi convidado pela Conmebol para assistir ao jogo, j\u00e1 que o Rio de Janeiro ser\u00e1 a pr\u00f3xima cidade a sediar a final da competi\u00e7\u00e3o.<\/p>\n<p style=\"text-align: justify;\">As despesas da viagem n\u00e3o ser\u00e3o pagas pelo estado do Rio de Janeiro, segundo o Pal\u00e1cio Guanabara.<\/p>\n","protected":false},"excerpt":{"rendered":"<p>O presidente do Tribunal de Justi\u00e7a, Cl\u00e1udio de Mello Tavares, vai assumir interinamente o governo do estado do Rio a&#8230;<\/p>\n","protected":false},"author":2,"featured_media":3041,"comment_status":"open","ping_status":"open","sticky":false,"template":"","format":"standard","meta":{"colormag_page_container_layout":"default_layout","colormag_page_sidebar_layout":"default_layout","jetpack_post_was_ever_published":false,"_jetpack_newsletter_access":"","_jetpack_dont_email_post_to_subs":false,"_jetpack_newsletter_tier_id":0,"_jetpack_memberships_contains_paywalled_content":false,"_jetpack_memberships_contains_paid_content":false,"footnotes":""},"categories":[2],"tags":[],"class_list":["post-3040","post","type-post","status-publish","format-standard","has-post-thumbnail","hentry","category-politica"],"jetpack_featured_media_url":"https:\/\/www.tribunanf.com.br\/blogdoralfereis\/wp-content\/uploads\/sites\/11\/2019\/11\/claudio-melo.jpg","jetpack_sharing_enabled":true,"_links":{"self":[{"href":"https:\/\/www.tribunanf.com.br\/blogdoralfereis\/wp-json\/wp\/v2\/posts\/3040","targetHints":{"allow":["GET"]}}],"collection":[{"href":"https:\/\/www.tribunanf.com.br\/blogdoralfereis\/wp-json\/wp\/v2\/posts"}],"about":[{"href":"https:\/\/www.tribunanf.com.br\/blogdoralfereis\/wp-json\/wp\/v2\/types\/post"}],"author":[{"embeddable":true,"href":"https:\/\/www.tribunanf.com.br\/blogdoralfereis\/wp-json\/wp\/v2\/users\/2"}],"replies":[{"embeddable":true,"href":"https:\/\/www.tribunanf.com.br\/blogdoralfereis\/wp-json\/wp\/v2\/comments?post=3040"}],"version-history":[{"count":0,"href":"https:\/\/www.tribunanf.com.br\/blogdoralfereis\/wp-json\/wp\/v2\/posts\/3040\/revisions"}],"wp:featuredmedia":[{"embeddable":true,"href":"https:\/\/www.tribunanf.com.br\/blogdoralfereis\/wp-json\/wp\/v2\/media\/3041"}],"wp:attachment":[{"href":"https:\/\/www.tribunanf.com.br\/blogdoralfereis\/wp-json\/wp\/v2\/media?parent=3040"}],"wp:term":[{"taxonomy":"category","embeddable":true,"href":"https:\/\/www.tribunanf.com.br\/blogdoralfereis\/wp-json\/wp\/v2\/categories?post=3040"},{"taxonomy":"post_tag","embeddable":true,"href":"https:\/\/www.tribunanf.com.br\/blogdoralfereis\/wp-json\/wp\/v2\/tags?post=3040"}],"curies":[{"name":"wp","href":"https:\/\/api.w.org\/{rel}","templated":true}]}}