{"id":3037,"date":"2019-11-20T20:08:54","date_gmt":"2019-11-20T23:08:54","guid":{"rendered":"https:\/\/www.tribunanf.com.br\/blogdoralfereis\/?p=3037"},"modified":"2019-11-20T20:08:54","modified_gmt":"2019-11-20T23:08:54","slug":"policia-civil-trabalha-com-hipotese-de-envolvimento-de-carlos-bolsonaro-no-caso-marielle-diz-radio-cbn","status":"publish","type":"post","link":"https:\/\/www.tribunanf.com.br\/blogdoralfereis\/2019\/11\/20\/policia-civil-trabalha-com-hipotese-de-envolvimento-de-carlos-bolsonaro-no-caso-marielle-diz-radio-cbn\/","title":{"rendered":"Pol\u00edcia Civil trabalha com hip\u00f3tese de envolvimento de Carlos Bolsonaro no caso Marielle, diz r\u00e1dio CBN"},"content":{"rendered":"<p><img loading=\"lazy\" decoding=\"async\" class=\"aligncenter size-full wp-image-3038\" src=\"https:\/\/www.tribunanf.com.br\/blogdoralfereis\/wp-content\/uploads\/sites\/11\/2019\/11\/carlos-bolsonaro.jpg\" alt=\"\" width=\"1086\" height=\"652\" srcset=\"https:\/\/www.tribunanf.com.br\/blogdoralfereis\/wp-content\/uploads\/sites\/11\/2019\/11\/carlos-bolsonaro.jpg 1086w, https:\/\/www.tribunanf.com.br\/blogdoralfereis\/wp-content\/uploads\/sites\/11\/2019\/11\/carlos-bolsonaro-300x180.jpg 300w, https:\/\/www.tribunanf.com.br\/blogdoralfereis\/wp-content\/uploads\/sites\/11\/2019\/11\/carlos-bolsonaro-1024x615.jpg 1024w, https:\/\/www.tribunanf.com.br\/blogdoralfereis\/wp-content\/uploads\/sites\/11\/2019\/11\/carlos-bolsonaro-768x461.jpg 768w\" sizes=\"auto, (max-width: 1086px) 100vw, 1086px\" \/><\/p>\n<p style=\"text-align: justify;\">Rio &#8211; A Pol\u00edcia Civil trabalha com uma nova hip\u00f3tese no assassinato da vereadora Marielle Franco e de seu motorista Anderson Gomes. De acordo com o colunista Kennedy Alencar, da R\u00e1dio CBN, nos bastidores das linhas de investiga\u00e7\u00e3o, comenta-se o envolvimento do vereador Carlos Bolsonaro no caso. As informa\u00e7\u00f5es foram divulgadas nesta quarta-feira.<\/p>\n<p style=\"text-align: justify;\">Segundo o colunista, Carlos e Marielle tiveram uma discuss\u00e3o p\u00fablica na C\u00e2mara Municipal do Rio e haveria relatos de que o vereador se recusava a entrar no elevador se a parlamentar estivesse dentro.<\/p>\n<p style=\"text-align: justify;\">Ainda de acordo com Kennedy, a linha de investiga\u00e7\u00e3o mostrou que o vereador teria rela\u00e7\u00e3o pr\u00f3xima com Ronnie Lessa, conhecido assassino profissional do Rio acusado de ter disparado contra Marielle e Anderson. A pol\u00edcia trata com cautela essa hip\u00f3tese, mas ela faz parte da apura\u00e7\u00e3o do caso.<\/p>\n<p style=\"text-align: justify;\">Fonte: O Dia<\/p>\n","protected":false},"excerpt":{"rendered":"<p>Rio &#8211; A Pol\u00edcia Civil trabalha com uma nova hip\u00f3tese no assassinato da vereadora Marielle Franco e de seu motorista&#8230;<\/p>\n","protected":false},"author":2,"featured_media":3038,"comment_status":"open","ping_status":"open","sticky":false,"template":"","format":"standard","meta":{"colormag_page_container_layout":"default_layout","colormag_page_sidebar_layout":"default_layout","jetpack_post_was_ever_published":false,"_jetpack_newsletter_access":"","_jetpack_dont_email_post_to_subs":false,"_jetpack_newsletter_tier_id":0,"_jetpack_memberships_contains_paywalled_content":false,"_jetpack_memberships_contains_paid_content":false,"footnotes":""},"categories":[2],"tags":[],"class_list":["post-3037","post","type-post","status-publish","format-standard","has-post-thumbnail","hentry","category-politica"],"jetpack_featured_media_url":"https:\/\/www.tribunanf.com.br\/blogdoralfereis\/wp-content\/uploads\/sites\/11\/2019\/11\/carlos-bolsonaro.jpg","jetpack_sharing_enabled":true,"_links":{"self":[{"href":"https:\/\/www.tribunanf.com.br\/blogdoralfereis\/wp-json\/wp\/v2\/posts\/3037","targetHints":{"allow":["GET"]}}],"collection":[{"href":"https:\/\/www.tribunanf.com.br\/blogdoralfereis\/wp-json\/wp\/v2\/posts"}],"about":[{"href":"https:\/\/www.tribunanf.com.br\/blogdoralfereis\/wp-json\/wp\/v2\/types\/post"}],"author":[{"embeddable":true,"href":"https:\/\/www.tribunanf.com.br\/blogdoralfereis\/wp-json\/wp\/v2\/users\/2"}],"replies":[{"embeddable":true,"href":"https:\/\/www.tribunanf.com.br\/blogdoralfereis\/wp-json\/wp\/v2\/comments?post=3037"}],"version-history":[{"count":0,"href":"https:\/\/www.tribunanf.com.br\/blogdoralfereis\/wp-json\/wp\/v2\/posts\/3037\/revisions"}],"wp:featuredmedia":[{"embeddable":true,"href":"https:\/\/www.tribunanf.com.br\/blogdoralfereis\/wp-json\/wp\/v2\/media\/3038"}],"wp:attachment":[{"href":"https:\/\/www.tribunanf.com.br\/blogdoralfereis\/wp-json\/wp\/v2\/media?parent=3037"}],"wp:term":[{"taxonomy":"category","embeddable":true,"href":"https:\/\/www.tribunanf.com.br\/blogdoralfereis\/wp-json\/wp\/v2\/categories?post=3037"},{"taxonomy":"post_tag","embeddable":true,"href":"https:\/\/www.tribunanf.com.br\/blogdoralfereis\/wp-json\/wp\/v2\/tags?post=3037"}],"curies":[{"name":"wp","href":"https:\/\/api.w.org\/{rel}","templated":true}]}}