{"id":3022,"date":"2019-11-19T10:18:50","date_gmt":"2019-11-19T13:18:50","guid":{"rendered":"https:\/\/www.tribunanf.com.br\/blogdoralfereis\/?p=3022"},"modified":"2019-11-19T10:18:50","modified_gmt":"2019-11-19T13:18:50","slug":"eduardo-paes-pedro-paulo-e-os-r-50-milhoes-do-rioonibus","status":"publish","type":"post","link":"https:\/\/www.tribunanf.com.br\/blogdoralfereis\/2019\/11\/19\/eduardo-paes-pedro-paulo-e-os-r-50-milhoes-do-rioonibus\/","title":{"rendered":"Eduardo Paes, Pedro Paulo e os R$ 50 milh\u00f5es do Rio\u00d4nibus"},"content":{"rendered":"<p><img loading=\"lazy\" decoding=\"async\" class=\"aligncenter size-full wp-image-262\" src=\"https:\/\/www.tribunanf.com.br\/blogdoralfereis\/wp-content\/uploads\/sites\/11\/2018\/06\/paes-picciani.jpg\" alt=\"\" width=\"699\" height=\"420\" srcset=\"https:\/\/www.tribunanf.com.br\/blogdoralfereis\/wp-content\/uploads\/sites\/11\/2018\/06\/paes-picciani.jpg 699w, https:\/\/www.tribunanf.com.br\/blogdoralfereis\/wp-content\/uploads\/sites\/11\/2018\/06\/paes-picciani-300x180.jpg 300w\" sizes=\"auto, (max-width: 699px) 100vw, 699px\" \/><\/p>\n<p style=\"text-align: justify;\">O ex-prefeito do Rio de Janeiro Eduardo Paes e o seu ent\u00e3o bra\u00e7o-direto, deputado Pedro Paulo, receberam ao menos R$ 50 milh\u00f5es via caixa 2 da Fetranspor, segundo contou em sua dela\u00e7\u00e3o premiada o ex-presidente da entidade, L\u00e9lis Teixeira.<\/p>\n<p style=\"text-align: justify;\">De acordo com o delator, a primeira contribui\u00e7\u00e3o aconteceu durante a campanha \u00e0 Prefeitura do Rio de Janeiro, em 2008. O ent\u00e3o governador do Rio de Janeiro, Sergio Cabral, marcou uma reuni\u00e3o no Pal\u00e1cio Guanabara, que al\u00e9m de L\u00e9lis e Paes, contou com as presen\u00e7as de Jacob Barata, Jos\u00e9 Carlos Lavouras, Jorge Picciani e de Wilson Carlos.<\/p>\n<p style=\"text-align: justify;\">Na ocasi\u00e3o, os pol\u00edticos refor\u00e7aram a import\u00e2ncia da elei\u00e7\u00e3o de Eduardo Paes para o setor de \u00f4nibus na cidade. No entanto, a reuni\u00e3o terminou sem qualquer acordo. O delator contou que uma outra reuni\u00e3o foi marcada, onde estipularam o valor. Mas, no entanto, afirma n\u00e3o saber quanto foi dado \u00e0 campanha de Paes porque n\u00e3o estava presente na segunda reuni\u00e3o.<\/p>\n<p style=\"text-align: justify;\">Quatro anos depois, na campanha de Paes \u00e0 reelei\u00e7\u00e3o, L\u00e9lis disse que foi convidado por Pedro Paulo a ir ao Pal\u00e1cio da Cidade junto com Jacob Barata. Na ocasi\u00e3o, quando foi pedido mais dinheiro via caixa 2 para a campanha. O valor combinado foi de R$ 40 milh\u00f5es, al\u00e9m de uma pe\u00e7a publicit\u00e1ria para rodar em emissoras de TV.<\/p>\n<p style=\"text-align: justify;\">Em 2016, L\u00e9lis afirmou que foram pagos R$ 10 milh\u00f5es \u00e0 campanha de Pedro Paulo \u00e0 sucess\u00e3o de Eduardo Paes.<\/p>\n<p style=\"text-align: justify;\">L\u00e9lis disse que em todos os casos os valores foram pagos no pr\u00e9dio de uma das empresas de Jacob Barata, a Guanabara Diesel, na Zona Norte do Rio de Janeiro. O dinheiro foi pago ao pr\u00f3prio Pedro Paulo ou a Fernando Duba, chefe de gabinete do deputado.<\/p>\n<p style=\"text-align: justify;\">As informa\u00e7\u00f5es foram corroboradas pelas dela\u00e7\u00f5es do doleiro \u00c1lvaro Novis e de Francisca da Silva Medeiros, secret\u00e1ria de Jacob Barata.<\/p>\n<p style=\"text-align: justify;\">Fonte: Blog do Lauro Jardim, O Globo.<\/p>\n","protected":false},"excerpt":{"rendered":"<p>O ex-prefeito do Rio de Janeiro Eduardo Paes e o seu ent\u00e3o bra\u00e7o-direto, deputado Pedro Paulo, receberam ao menos R$&#8230;<\/p>\n","protected":false},"author":2,"featured_media":262,"comment_status":"open","ping_status":"open","sticky":false,"template":"","format":"standard","meta":{"colormag_page_container_layout":"default_layout","colormag_page_sidebar_layout":"default_layout","jetpack_post_was_ever_published":false,"_jetpack_newsletter_access":"","_jetpack_dont_email_post_to_subs":false,"_jetpack_newsletter_tier_id":0,"_jetpack_memberships_contains_paywalled_content":false,"_jetpack_memberships_contains_paid_content":false,"footnotes":""},"categories":[2],"tags":[],"class_list":["post-3022","post","type-post","status-publish","format-standard","has-post-thumbnail","hentry","category-politica"],"jetpack_featured_media_url":"https:\/\/www.tribunanf.com.br\/blogdoralfereis\/wp-content\/uploads\/sites\/11\/2018\/06\/paes-picciani.jpg","jetpack_sharing_enabled":true,"_links":{"self":[{"href":"https:\/\/www.tribunanf.com.br\/blogdoralfereis\/wp-json\/wp\/v2\/posts\/3022","targetHints":{"allow":["GET"]}}],"collection":[{"href":"https:\/\/www.tribunanf.com.br\/blogdoralfereis\/wp-json\/wp\/v2\/posts"}],"about":[{"href":"https:\/\/www.tribunanf.com.br\/blogdoralfereis\/wp-json\/wp\/v2\/types\/post"}],"author":[{"embeddable":true,"href":"https:\/\/www.tribunanf.com.br\/blogdoralfereis\/wp-json\/wp\/v2\/users\/2"}],"replies":[{"embeddable":true,"href":"https:\/\/www.tribunanf.com.br\/blogdoralfereis\/wp-json\/wp\/v2\/comments?post=3022"}],"version-history":[{"count":0,"href":"https:\/\/www.tribunanf.com.br\/blogdoralfereis\/wp-json\/wp\/v2\/posts\/3022\/revisions"}],"wp:featuredmedia":[{"embeddable":true,"href":"https:\/\/www.tribunanf.com.br\/blogdoralfereis\/wp-json\/wp\/v2\/media\/262"}],"wp:attachment":[{"href":"https:\/\/www.tribunanf.com.br\/blogdoralfereis\/wp-json\/wp\/v2\/media?parent=3022"}],"wp:term":[{"taxonomy":"category","embeddable":true,"href":"https:\/\/www.tribunanf.com.br\/blogdoralfereis\/wp-json\/wp\/v2\/categories?post=3022"},{"taxonomy":"post_tag","embeddable":true,"href":"https:\/\/www.tribunanf.com.br\/blogdoralfereis\/wp-json\/wp\/v2\/tags?post=3022"}],"curies":[{"name":"wp","href":"https:\/\/api.w.org\/{rel}","templated":true}]}}