{"id":2952,"date":"2019-10-31T13:04:57","date_gmt":"2019-10-31T16:04:57","guid":{"rendered":"https:\/\/www.tribunanf.com.br\/blogdoralfereis\/?p=2952"},"modified":"2019-10-31T13:04:57","modified_gmt":"2019-10-31T16:04:57","slug":"fme-vai-comprar-r-114-mil-em-medalhas-de-empresa-varejista-de-artigos-medicos-e-ortopedicos","status":"publish","type":"post","link":"https:\/\/www.tribunanf.com.br\/blogdoralfereis\/2019\/10\/31\/fme-vai-comprar-r-114-mil-em-medalhas-de-empresa-varejista-de-artigos-medicos-e-ortopedicos\/","title":{"rendered":"FME vai comprar R$ 114 mil em medalhas de empresa varejista de artigos m\u00e9dicos e ortop\u00e9dicos"},"content":{"rendered":"<p><img loading=\"lazy\" decoding=\"async\" class=\"aligncenter size-full wp-image-2465\" src=\"https:\/\/www.tribunanf.com.br\/blogdoralfereis\/wp-content\/uploads\/sites\/11\/2019\/08\/rafael.jpg\" alt=\"\" width=\"603\" height=\"490\" srcset=\"https:\/\/www.tribunanf.com.br\/blogdoralfereis\/wp-content\/uploads\/sites\/11\/2019\/08\/rafael.jpg 603w, https:\/\/www.tribunanf.com.br\/blogdoralfereis\/wp-content\/uploads\/sites\/11\/2019\/08\/rafael-300x244.jpg 300w\" sizes=\"auto, (max-width: 603px) 100vw, 603px\" \/><\/p>\n<p style=\"text-align: justify;\">A Funda\u00e7\u00e3o Municipal de Esportes publicou no Di\u00e1rio Oficial da \u00faltima ter\u00e7a-feira (29) a homologa\u00e7\u00e3o do Preg\u00e3o para compra de medalhas e trof\u00e9us.<\/p>\n<p style=\"text-align: justify;\">O valor global \u00e9 de R$ 114.226,50 (cento e quatorze mil, duzentos e vinte e seis reais e cinquenta centavos).<\/p>\n<p style=\"text-align: justify;\">A vencedora do certame \u00e9 a renomada empresa varejista de artigos m\u00e9dicos e ortop\u00e9dicos COMPLAZA COM\u00c9RCIO E SERVI\u00c7OS LTDA ME. Apesar de ter como atividade principal &#8220;varejista de artigos m\u00e9dicos e ortop\u00e9dicos&#8221;, segundo dados da Receita Federal, a empresa pode vender de tudo desde que esteja registrado em atividade secund\u00e1ria.<\/p>\n<p style=\"text-align: justify;\">O contrato foi assinado pelo Presidente da Funda\u00e7\u00e3o de Esportes <strong>Raphael de Thuin.<\/strong><\/p>\n<p><img loading=\"lazy\" decoding=\"async\" class=\"aligncenter size-full wp-image-2953\" src=\"https:\/\/www.tribunanf.com.br\/blogdoralfereis\/wp-content\/uploads\/sites\/11\/2019\/10\/fme.png\" alt=\"\" width=\"493\" height=\"284\" srcset=\"https:\/\/www.tribunanf.com.br\/blogdoralfereis\/wp-content\/uploads\/sites\/11\/2019\/10\/fme.png 493w, https:\/\/www.tribunanf.com.br\/blogdoralfereis\/wp-content\/uploads\/sites\/11\/2019\/10\/fme-300x173.png 300w\" sizes=\"auto, (max-width: 493px) 100vw, 493px\" \/><\/p>\n","protected":false},"excerpt":{"rendered":"<p>A Funda\u00e7\u00e3o Municipal de Esportes publicou no Di\u00e1rio Oficial da \u00faltima ter\u00e7a-feira (29) a homologa\u00e7\u00e3o do Preg\u00e3o para compra de&#8230;<\/p>\n","protected":false},"author":2,"featured_media":2465,"comment_status":"open","ping_status":"open","sticky":false,"template":"","format":"standard","meta":{"colormag_page_container_layout":"default_layout","colormag_page_sidebar_layout":"default_layout","jetpack_post_was_ever_published":false,"_jetpack_newsletter_access":"","_jetpack_dont_email_post_to_subs":false,"_jetpack_newsletter_tier_id":0,"_jetpack_memberships_contains_paywalled_content":false,"_jetpack_memberships_contains_paid_content":false,"footnotes":""},"categories":[2],"tags":[],"class_list":["post-2952","post","type-post","status-publish","format-standard","has-post-thumbnail","hentry","category-politica"],"jetpack_featured_media_url":"https:\/\/www.tribunanf.com.br\/blogdoralfereis\/wp-content\/uploads\/sites\/11\/2019\/08\/rafael.jpg","jetpack_sharing_enabled":true,"_links":{"self":[{"href":"https:\/\/www.tribunanf.com.br\/blogdoralfereis\/wp-json\/wp\/v2\/posts\/2952","targetHints":{"allow":["GET"]}}],"collection":[{"href":"https:\/\/www.tribunanf.com.br\/blogdoralfereis\/wp-json\/wp\/v2\/posts"}],"about":[{"href":"https:\/\/www.tribunanf.com.br\/blogdoralfereis\/wp-json\/wp\/v2\/types\/post"}],"author":[{"embeddable":true,"href":"https:\/\/www.tribunanf.com.br\/blogdoralfereis\/wp-json\/wp\/v2\/users\/2"}],"replies":[{"embeddable":true,"href":"https:\/\/www.tribunanf.com.br\/blogdoralfereis\/wp-json\/wp\/v2\/comments?post=2952"}],"version-history":[{"count":0,"href":"https:\/\/www.tribunanf.com.br\/blogdoralfereis\/wp-json\/wp\/v2\/posts\/2952\/revisions"}],"wp:featuredmedia":[{"embeddable":true,"href":"https:\/\/www.tribunanf.com.br\/blogdoralfereis\/wp-json\/wp\/v2\/media\/2465"}],"wp:attachment":[{"href":"https:\/\/www.tribunanf.com.br\/blogdoralfereis\/wp-json\/wp\/v2\/media?parent=2952"}],"wp:term":[{"taxonomy":"category","embeddable":true,"href":"https:\/\/www.tribunanf.com.br\/blogdoralfereis\/wp-json\/wp\/v2\/categories?post=2952"},{"taxonomy":"post_tag","embeddable":true,"href":"https:\/\/www.tribunanf.com.br\/blogdoralfereis\/wp-json\/wp\/v2\/tags?post=2952"}],"curies":[{"name":"wp","href":"https:\/\/api.w.org\/{rel}","templated":true}]}}