{"id":2882,"date":"2019-10-22T22:03:11","date_gmt":"2019-10-23T01:03:11","guid":{"rendered":"https:\/\/www.tribunanf.com.br\/blogdoralfereis\/?p=2882"},"modified":"2019-10-22T22:03:11","modified_gmt":"2019-10-23T01:03:11","slug":"stf-condena-geddel-e-lucio-vieira-lima-no-caso-dos-r-51-milhoes-em-apartamento","status":"publish","type":"post","link":"https:\/\/www.tribunanf.com.br\/blogdoralfereis\/2019\/10\/22\/stf-condena-geddel-e-lucio-vieira-lima-no-caso-dos-r-51-milhoes-em-apartamento\/","title":{"rendered":"STF condena Geddel e L\u00facio Vieira Lima no caso dos R$ 51 milh\u00f5es em apartamento"},"content":{"rendered":"<p><img loading=\"lazy\" decoding=\"async\" class=\"aligncenter size-full wp-image-2883\" src=\"https:\/\/www.tribunanf.com.br\/blogdoralfereis\/wp-content\/uploads\/sites\/11\/2019\/10\/geddel-dinheiro.jpeg\" alt=\"\" width=\"984\" height=\"553\" srcset=\"https:\/\/www.tribunanf.com.br\/blogdoralfereis\/wp-content\/uploads\/sites\/11\/2019\/10\/geddel-dinheiro.jpeg 984w, https:\/\/www.tribunanf.com.br\/blogdoralfereis\/wp-content\/uploads\/sites\/11\/2019\/10\/geddel-dinheiro-300x169.jpeg 300w, https:\/\/www.tribunanf.com.br\/blogdoralfereis\/wp-content\/uploads\/sites\/11\/2019\/10\/geddel-dinheiro-768x432.jpeg 768w\" sizes=\"auto, (max-width: 984px) 100vw, 984px\" \/><\/p>\n<p style=\"text-align: justify;\">A 2\u00aa turma do STF concluiu nesta ter\u00e7a-feira, 22, o julgamento dos irm\u00e3os Geddel Vieira Lima e L\u00facio Vieira Lima, no processo dos R$ 51 milh\u00f5es encontrados em um apartamento de Salvador, em 2017.<\/p>\n<p style=\"text-align: justify;\">Ambos foram condenados pelo crime de lavagem de dinheiro, em decis\u00e3o un\u00e2nime; quanto ao delito de associa\u00e7\u00e3o criminosa, a condena\u00e7\u00e3o foi por maioria da turma &#8211; Lewandowski e Gilmar ficaram vencidos neste ponto.<\/p>\n<p style=\"text-align: justify;\">Para o ex-ministro Geddel a turma fixou a pena em 13 anos e 4 meses de reclus\u00e3o e pagamento de 106 dias-multa pelos crimes de lavagem de dinheiro, e um ano e seis meses de reclus\u00e3o pelo crime de associa\u00e7\u00e3o criminosa.<\/p>\n<p style=\"text-align: justify;\">J\u00e1 o ex-deputado L\u00facio teve a pena fixada em 9 anos de reclus\u00e3o e 60 dias-multa por lavagem e oculta\u00e7\u00e3o de dinheiro, e 1 ano e 6 meses de reclus\u00e3o pelo crime de associa\u00e7\u00e3o criminosa.<\/p>\n","protected":false},"excerpt":{"rendered":"<p>A 2\u00aa turma do STF concluiu nesta ter\u00e7a-feira, 22, o julgamento dos irm\u00e3os Geddel Vieira Lima e L\u00facio Vieira Lima,&#8230;<\/p>\n","protected":false},"author":2,"featured_media":2883,"comment_status":"open","ping_status":"open","sticky":false,"template":"","format":"standard","meta":{"colormag_page_container_layout":"default_layout","colormag_page_sidebar_layout":"default_layout","jetpack_post_was_ever_published":false,"_jetpack_newsletter_access":"","_jetpack_dont_email_post_to_subs":false,"_jetpack_newsletter_tier_id":0,"_jetpack_memberships_contains_paywalled_content":false,"_jetpack_memberships_contains_paid_content":false,"footnotes":""},"categories":[2],"tags":[],"class_list":["post-2882","post","type-post","status-publish","format-standard","has-post-thumbnail","hentry","category-politica"],"jetpack_featured_media_url":"https:\/\/www.tribunanf.com.br\/blogdoralfereis\/wp-content\/uploads\/sites\/11\/2019\/10\/geddel-dinheiro.jpeg","jetpack_sharing_enabled":true,"_links":{"self":[{"href":"https:\/\/www.tribunanf.com.br\/blogdoralfereis\/wp-json\/wp\/v2\/posts\/2882","targetHints":{"allow":["GET"]}}],"collection":[{"href":"https:\/\/www.tribunanf.com.br\/blogdoralfereis\/wp-json\/wp\/v2\/posts"}],"about":[{"href":"https:\/\/www.tribunanf.com.br\/blogdoralfereis\/wp-json\/wp\/v2\/types\/post"}],"author":[{"embeddable":true,"href":"https:\/\/www.tribunanf.com.br\/blogdoralfereis\/wp-json\/wp\/v2\/users\/2"}],"replies":[{"embeddable":true,"href":"https:\/\/www.tribunanf.com.br\/blogdoralfereis\/wp-json\/wp\/v2\/comments?post=2882"}],"version-history":[{"count":0,"href":"https:\/\/www.tribunanf.com.br\/blogdoralfereis\/wp-json\/wp\/v2\/posts\/2882\/revisions"}],"wp:featuredmedia":[{"embeddable":true,"href":"https:\/\/www.tribunanf.com.br\/blogdoralfereis\/wp-json\/wp\/v2\/media\/2883"}],"wp:attachment":[{"href":"https:\/\/www.tribunanf.com.br\/blogdoralfereis\/wp-json\/wp\/v2\/media?parent=2882"}],"wp:term":[{"taxonomy":"category","embeddable":true,"href":"https:\/\/www.tribunanf.com.br\/blogdoralfereis\/wp-json\/wp\/v2\/categories?post=2882"},{"taxonomy":"post_tag","embeddable":true,"href":"https:\/\/www.tribunanf.com.br\/blogdoralfereis\/wp-json\/wp\/v2\/tags?post=2882"}],"curies":[{"name":"wp","href":"https:\/\/api.w.org\/{rel}","templated":true}]}}