{"id":2873,"date":"2019-10-22T14:07:06","date_gmt":"2019-10-22T17:07:06","guid":{"rendered":"https:\/\/www.tribunanf.com.br\/blogdoralfereis\/?p=2873"},"modified":"2019-10-22T20:02:04","modified_gmt":"2019-10-22T23:02:04","slug":"alerj-decide-soltar-deputados-presos-pela-lava-jato-bruno-dauaire-segue-voto-de-bacellar-pela-soltura","status":"publish","type":"post","link":"https:\/\/www.tribunanf.com.br\/blogdoralfereis\/2019\/10\/22\/alerj-decide-soltar-deputados-presos-pela-lava-jato-bruno-dauaire-segue-voto-de-bacellar-pela-soltura\/","title":{"rendered":"Alerj decide soltar deputados presos pela Lava Jato; Bruno Dauaire segue voto de Bacellar pela soltura"},"content":{"rendered":"<p><img loading=\"lazy\" decoding=\"async\" class=\"aligncenter size-full wp-image-1154\" src=\"https:\/\/www.tribunanf.com.br\/blogdoralfereis\/wp-content\/uploads\/sites\/11\/2018\/11\/alerj.jpg\" alt=\"\" width=\"666\" height=\"375\" srcset=\"https:\/\/www.tribunanf.com.br\/blogdoralfereis\/wp-content\/uploads\/sites\/11\/2018\/11\/alerj.jpg 666w, https:\/\/www.tribunanf.com.br\/blogdoralfereis\/wp-content\/uploads\/sites\/11\/2018\/11\/alerj-300x169.jpg 300w\" sizes=\"auto, (max-width: 666px) 100vw, 666px\" \/><\/p>\n<p style=\"text-align: justify;\">Por 39 votos a 25, a Assembleia Legislativa do Rio de Janeiro (Alerj) acaba de determinar a soltura de cinco deputados que est\u00e3o presos pela Lava Jato.<\/p>\n<p style=\"text-align: justify;\">Ser\u00e3o soltos: Andr\u00e9 Correa (DEM), Chiquinho da Mangueira (PSC), Luiz Martins (PDT), Marcus Vinicius Neskau (PTB) e Marcos Abrah\u00e3o (Avante).<\/p>\n<p style=\"text-align: justify;\">De Campos dos Goytacazes, o deputado Bruno Dauaire, l\u00edder do PSC, seguiu o voto de Rodrigo Bacellar pela soltura dos deputados. Gil Vianna e Jo\u00e3o Peixoto tamb\u00e9m votaram pela soltura.<\/p>\n","protected":false},"excerpt":{"rendered":"<p>Por 39 votos a 25, a Assembleia Legislativa do Rio de Janeiro (Alerj) acaba de determinar a soltura de cinco&#8230;<\/p>\n","protected":false},"author":2,"featured_media":1154,"comment_status":"open","ping_status":"open","sticky":false,"template":"","format":"standard","meta":{"colormag_page_container_layout":"default_layout","colormag_page_sidebar_layout":"default_layout","jetpack_post_was_ever_published":false,"_jetpack_newsletter_access":"","_jetpack_dont_email_post_to_subs":false,"_jetpack_newsletter_tier_id":0,"_jetpack_memberships_contains_paywalled_content":false,"_jetpack_memberships_contains_paid_content":false,"footnotes":""},"categories":[2],"tags":[],"class_list":["post-2873","post","type-post","status-publish","format-standard","has-post-thumbnail","hentry","category-politica"],"jetpack_featured_media_url":"https:\/\/www.tribunanf.com.br\/blogdoralfereis\/wp-content\/uploads\/sites\/11\/2018\/11\/alerj.jpg","jetpack_sharing_enabled":true,"_links":{"self":[{"href":"https:\/\/www.tribunanf.com.br\/blogdoralfereis\/wp-json\/wp\/v2\/posts\/2873","targetHints":{"allow":["GET"]}}],"collection":[{"href":"https:\/\/www.tribunanf.com.br\/blogdoralfereis\/wp-json\/wp\/v2\/posts"}],"about":[{"href":"https:\/\/www.tribunanf.com.br\/blogdoralfereis\/wp-json\/wp\/v2\/types\/post"}],"author":[{"embeddable":true,"href":"https:\/\/www.tribunanf.com.br\/blogdoralfereis\/wp-json\/wp\/v2\/users\/2"}],"replies":[{"embeddable":true,"href":"https:\/\/www.tribunanf.com.br\/blogdoralfereis\/wp-json\/wp\/v2\/comments?post=2873"}],"version-history":[{"count":0,"href":"https:\/\/www.tribunanf.com.br\/blogdoralfereis\/wp-json\/wp\/v2\/posts\/2873\/revisions"}],"wp:featuredmedia":[{"embeddable":true,"href":"https:\/\/www.tribunanf.com.br\/blogdoralfereis\/wp-json\/wp\/v2\/media\/1154"}],"wp:attachment":[{"href":"https:\/\/www.tribunanf.com.br\/blogdoralfereis\/wp-json\/wp\/v2\/media?parent=2873"}],"wp:term":[{"taxonomy":"category","embeddable":true,"href":"https:\/\/www.tribunanf.com.br\/blogdoralfereis\/wp-json\/wp\/v2\/categories?post=2873"},{"taxonomy":"post_tag","embeddable":true,"href":"https:\/\/www.tribunanf.com.br\/blogdoralfereis\/wp-json\/wp\/v2\/tags?post=2873"}],"curies":[{"name":"wp","href":"https:\/\/api.w.org\/{rel}","templated":true}]}}