{"id":285,"date":"2018-06-24T11:45:14","date_gmt":"2018-06-24T14:45:14","guid":{"rendered":"http:\/\/www.tribunanf.com.br\/blogdoralfereis\/?p=285"},"modified":"2018-06-24T11:45:14","modified_gmt":"2018-06-24T14:45:14","slug":"governo-rafael-diniz-bate-cabeca","status":"publish","type":"post","link":"https:\/\/www.tribunanf.com.br\/blogdoralfereis\/2018\/06\/24\/governo-rafael-diniz-bate-cabeca\/","title":{"rendered":"Governo Rafael Diniz bate cabe\u00e7a"},"content":{"rendered":"<p><img loading=\"lazy\" decoding=\"async\" class=\"aligncenter size-full wp-image-286\" src=\"http:\/\/www.tribunanf.com.br\/blogdoralfereis\/wp-content\/uploads\/sites\/11\/2018\/06\/rafael-na-prefeitura-540x360.jpg\" alt=\"\" width=\"540\" height=\"360\" srcset=\"https:\/\/www.tribunanf.com.br\/blogdoralfereis\/wp-content\/uploads\/sites\/11\/2018\/06\/rafael-na-prefeitura-540x360.jpg 540w, https:\/\/www.tribunanf.com.br\/blogdoralfereis\/wp-content\/uploads\/sites\/11\/2018\/06\/rafael-na-prefeitura-540x360-300x200.jpg 300w\" sizes=\"auto, (max-width: 540px) 100vw, 540px\" \/><\/p>\n<p style=\"text-align: justify;\">Um \u201cconselho\u201d criado pelo governo de Rafael Diniz para resolver a crise de autoridade dentro da sua gest\u00e3o come\u00e7ou a bater cabe\u00e7a de forma explicita na licita\u00e7\u00e3o da merenda ocorrida no \u00faltimo dia 20. A prova disso \u00e9 que o jornal oficial da prefeitura deu uma not\u00edcia diversa da decis\u00e3o dos \u201cconselheiros\u201d.<\/p>\n<p style=\"text-align: justify;\">A licita\u00e7\u00e3o da goiaba pode ser um <strong>prato feito<\/strong> para aqueles que est\u00e3o destruindo o governo de Rafael. Esse \u00e9 o falado fogo amigo.<\/p>\n<p style=\"text-align: justify;\">As justificativas s\u00e3o das mais diversas. Uns \u201cconselheiros\u201d queriam morar no <strong>horto<\/strong> enquanto os outros j\u00e1 queriam o <strong>prato feito<\/strong>.<\/p>\n<p style=\"text-align: justify;\">Como hoje o jornal oficial comeu a merenda antecipada, vai ter que levar o papel higi\u00eanico para justificar a aus\u00eancia da goiaba no card\u00e1pio.<\/p>\n<p style=\"text-align: justify;\">Se confirmar as previs\u00f5es o <strong>prato feito<\/strong> n\u00e3o ter\u00e1 carne, mas apenas ovos. De granja ou da ro\u00e7a?<\/p>\n<p style=\"text-align: justify;\">Com certeza as pr\u00f3ximas postagens ir\u00e3o revelar a movimenta\u00e7\u00e3o dessa licita\u00e7\u00e3o, provavelmente com alguns \u00e1udios.<\/p>\n","protected":false},"excerpt":{"rendered":"<p>Um \u201cconselho\u201d criado pelo governo de Rafael Diniz para resolver a crise de autoridade dentro da sua gest\u00e3o come\u00e7ou a&#8230;<\/p>\n","protected":false},"author":2,"featured_media":286,"comment_status":"open","ping_status":"open","sticky":false,"template":"","format":"standard","meta":{"colormag_page_container_layout":"default_layout","colormag_page_sidebar_layout":"default_layout","jetpack_post_was_ever_published":false,"_jetpack_newsletter_access":"","_jetpack_dont_email_post_to_subs":false,"_jetpack_newsletter_tier_id":0,"_jetpack_memberships_contains_paywalled_content":false,"_jetpack_memberships_contains_paid_content":false,"footnotes":""},"categories":[2],"tags":[6,4],"class_list":["post-285","post","type-post","status-publish","format-standard","has-post-thumbnail","hentry","category-politica","tag-campos-dos-goytacazes","tag-rafael-diniz"],"jetpack_featured_media_url":"https:\/\/www.tribunanf.com.br\/blogdoralfereis\/wp-content\/uploads\/sites\/11\/2018\/06\/rafael-na-prefeitura-540x360.jpg","jetpack_sharing_enabled":true,"_links":{"self":[{"href":"https:\/\/www.tribunanf.com.br\/blogdoralfereis\/wp-json\/wp\/v2\/posts\/285","targetHints":{"allow":["GET"]}}],"collection":[{"href":"https:\/\/www.tribunanf.com.br\/blogdoralfereis\/wp-json\/wp\/v2\/posts"}],"about":[{"href":"https:\/\/www.tribunanf.com.br\/blogdoralfereis\/wp-json\/wp\/v2\/types\/post"}],"author":[{"embeddable":true,"href":"https:\/\/www.tribunanf.com.br\/blogdoralfereis\/wp-json\/wp\/v2\/users\/2"}],"replies":[{"embeddable":true,"href":"https:\/\/www.tribunanf.com.br\/blogdoralfereis\/wp-json\/wp\/v2\/comments?post=285"}],"version-history":[{"count":0,"href":"https:\/\/www.tribunanf.com.br\/blogdoralfereis\/wp-json\/wp\/v2\/posts\/285\/revisions"}],"wp:featuredmedia":[{"embeddable":true,"href":"https:\/\/www.tribunanf.com.br\/blogdoralfereis\/wp-json\/wp\/v2\/media\/286"}],"wp:attachment":[{"href":"https:\/\/www.tribunanf.com.br\/blogdoralfereis\/wp-json\/wp\/v2\/media?parent=285"}],"wp:term":[{"taxonomy":"category","embeddable":true,"href":"https:\/\/www.tribunanf.com.br\/blogdoralfereis\/wp-json\/wp\/v2\/categories?post=285"},{"taxonomy":"post_tag","embeddable":true,"href":"https:\/\/www.tribunanf.com.br\/blogdoralfereis\/wp-json\/wp\/v2\/tags?post=285"}],"curies":[{"name":"wp","href":"https:\/\/api.w.org\/{rel}","templated":true}]}}