{"id":2782,"date":"2019-10-04T17:52:03","date_gmt":"2019-10-04T20:52:03","guid":{"rendered":"http:\/\/www.tribunanf.com.br\/blogdoralfereis\/?p=2782"},"modified":"2019-10-04T17:52:03","modified_gmt":"2019-10-04T20:52:03","slug":"mp-do-tce-pede-reprovacao-das-contas-de-2018-de-carla-machado","status":"publish","type":"post","link":"https:\/\/www.tribunanf.com.br\/blogdoralfereis\/2019\/10\/04\/mp-do-tce-pede-reprovacao-das-contas-de-2018-de-carla-machado\/","title":{"rendered":"MP do TCE pede reprova\u00e7\u00e3o das contas de 2018 de Carla Machado"},"content":{"rendered":"<p><img loading=\"lazy\" decoding=\"async\" class=\"aligncenter size-full wp-image-2785\" src=\"http:\/\/www.tribunanf.com.br\/blogdoralfereis\/wp-content\/uploads\/sites\/11\/2019\/10\/Carla_prefeita.jpg\" alt=\"\" width=\"600\" height=\"497\" srcset=\"https:\/\/www.tribunanf.com.br\/blogdoralfereis\/wp-content\/uploads\/sites\/11\/2019\/10\/Carla_prefeita.jpg 600w, https:\/\/www.tribunanf.com.br\/blogdoralfereis\/wp-content\/uploads\/sites\/11\/2019\/10\/Carla_prefeita-300x249.jpg 300w\" sizes=\"auto, (max-width: 600px) 100vw, 600px\" \/><\/p>\n<p style=\"text-align: justify;\">O Minist\u00e9rio P\u00fablico Especial e o Corpo Instrutivo do Tribunal de Contas do Estado sugeriram a reprova\u00e7\u00e3o das contas de 2018 da prefeita de S\u00e3o Jo\u00e3o da Barra <strong>Carla Machado<\/strong>.<\/p>\n<p style=\"text-align: justify;\">Segundo o parecer contr\u00e1rio,<em> &#8220;o superavit financeiro do exerc\u00edcio de 2018 apurado na presta\u00e7\u00e3o de contas (R$2.628.898,34) \u00e9 superior ao registrado pelo munic\u00edpio no respectivo Balancete do FUNDEB (R$630.036,10), <strong>revelando a sa\u00edda de recursos da conta do fundo, no montante de R$1.998.862,24, sem a devida comprova\u00e7\u00e3o<\/strong>, o que descumpre o disposto no artigo 21, em combina\u00e7\u00e3o com o inciso I do artigo 23 da Lei Federal n.\u00ba 11.494\/07.&#8221;<\/em><\/p>\n<p>A presidente do tribunal, Marianna Montebello, concedeu um prazo de 10 dias para Carla Machado apresentar sua defesa.<\/p>\n<p>Confira:<\/p>\n<p><img loading=\"lazy\" decoding=\"async\" class=\"aligncenter size-full wp-image-2783\" src=\"http:\/\/www.tribunanf.com.br\/blogdoralfereis\/wp-content\/uploads\/sites\/11\/2019\/10\/0001-2019-10-04T174748.718.jpg\" alt=\"\" width=\"2481\" height=\"3509\" srcset=\"https:\/\/www.tribunanf.com.br\/blogdoralfereis\/wp-content\/uploads\/sites\/11\/2019\/10\/0001-2019-10-04T174748.718.jpg 2481w, https:\/\/www.tribunanf.com.br\/blogdoralfereis\/wp-content\/uploads\/sites\/11\/2019\/10\/0001-2019-10-04T174748.718-212x300.jpg 212w, https:\/\/www.tribunanf.com.br\/blogdoralfereis\/wp-content\/uploads\/sites\/11\/2019\/10\/0001-2019-10-04T174748.718-768x1086.jpg 768w, https:\/\/www.tribunanf.com.br\/blogdoralfereis\/wp-content\/uploads\/sites\/11\/2019\/10\/0001-2019-10-04T174748.718-724x1024.jpg 724w\" sizes=\"auto, (max-width: 2481px) 100vw, 2481px\" \/> <img loading=\"lazy\" decoding=\"async\" class=\"alignnone wp-image-2784 size-full\" src=\"http:\/\/www.tribunanf.com.br\/blogdoralfereis\/wp-content\/uploads\/sites\/11\/2019\/10\/0002-97.jpg\" alt=\"\" width=\"2481\" height=\"3509\" srcset=\"https:\/\/www.tribunanf.com.br\/blogdoralfereis\/wp-content\/uploads\/sites\/11\/2019\/10\/0002-97.jpg 2481w, https:\/\/www.tribunanf.com.br\/blogdoralfereis\/wp-content\/uploads\/sites\/11\/2019\/10\/0002-97-212x300.jpg 212w, https:\/\/www.tribunanf.com.br\/blogdoralfereis\/wp-content\/uploads\/sites\/11\/2019\/10\/0002-97-768x1086.jpg 768w, https:\/\/www.tribunanf.com.br\/blogdoralfereis\/wp-content\/uploads\/sites\/11\/2019\/10\/0002-97-724x1024.jpg 724w\" sizes=\"auto, (max-width: 2481px) 100vw, 2481px\" \/><\/p>\n","protected":false},"excerpt":{"rendered":"<p>O Minist\u00e9rio P\u00fablico Especial e o Corpo Instrutivo do Tribunal de Contas do Estado sugeriram a reprova\u00e7\u00e3o das contas de&#8230;<\/p>\n","protected":false},"author":2,"featured_media":2785,"comment_status":"open","ping_status":"open","sticky":false,"template":"","format":"standard","meta":{"colormag_page_container_layout":"default_layout","colormag_page_sidebar_layout":"default_layout","jetpack_post_was_ever_published":false,"_jetpack_newsletter_access":"","_jetpack_dont_email_post_to_subs":false,"_jetpack_newsletter_tier_id":0,"_jetpack_memberships_contains_paywalled_content":false,"_jetpack_memberships_contains_paid_content":false,"footnotes":""},"categories":[2],"tags":[],"class_list":["post-2782","post","type-post","status-publish","format-standard","has-post-thumbnail","hentry","category-politica"],"jetpack_featured_media_url":"https:\/\/www.tribunanf.com.br\/blogdoralfereis\/wp-content\/uploads\/sites\/11\/2019\/10\/Carla_prefeita.jpg","jetpack_sharing_enabled":true,"_links":{"self":[{"href":"https:\/\/www.tribunanf.com.br\/blogdoralfereis\/wp-json\/wp\/v2\/posts\/2782","targetHints":{"allow":["GET"]}}],"collection":[{"href":"https:\/\/www.tribunanf.com.br\/blogdoralfereis\/wp-json\/wp\/v2\/posts"}],"about":[{"href":"https:\/\/www.tribunanf.com.br\/blogdoralfereis\/wp-json\/wp\/v2\/types\/post"}],"author":[{"embeddable":true,"href":"https:\/\/www.tribunanf.com.br\/blogdoralfereis\/wp-json\/wp\/v2\/users\/2"}],"replies":[{"embeddable":true,"href":"https:\/\/www.tribunanf.com.br\/blogdoralfereis\/wp-json\/wp\/v2\/comments?post=2782"}],"version-history":[{"count":0,"href":"https:\/\/www.tribunanf.com.br\/blogdoralfereis\/wp-json\/wp\/v2\/posts\/2782\/revisions"}],"wp:featuredmedia":[{"embeddable":true,"href":"https:\/\/www.tribunanf.com.br\/blogdoralfereis\/wp-json\/wp\/v2\/media\/2785"}],"wp:attachment":[{"href":"https:\/\/www.tribunanf.com.br\/blogdoralfereis\/wp-json\/wp\/v2\/media?parent=2782"}],"wp:term":[{"taxonomy":"category","embeddable":true,"href":"https:\/\/www.tribunanf.com.br\/blogdoralfereis\/wp-json\/wp\/v2\/categories?post=2782"},{"taxonomy":"post_tag","embeddable":true,"href":"https:\/\/www.tribunanf.com.br\/blogdoralfereis\/wp-json\/wp\/v2\/tags?post=2782"}],"curies":[{"name":"wp","href":"https:\/\/api.w.org\/{rel}","templated":true}]}}