{"id":2778,"date":"2019-10-04T08:25:29","date_gmt":"2019-10-04T11:25:29","guid":{"rendered":"http:\/\/www.tribunanf.com.br\/blogdoralfereis\/?p=2778"},"modified":"2019-10-04T08:25:29","modified_gmt":"2019-10-04T11:25:29","slug":"cabral-continua-em-bangu-8","status":"publish","type":"post","link":"https:\/\/www.tribunanf.com.br\/blogdoralfereis\/2019\/10\/04\/cabral-continua-em-bangu-8\/","title":{"rendered":"Cabral continua em Bangu 8"},"content":{"rendered":"<p><img loading=\"lazy\" decoding=\"async\" class=\"aligncenter size-full wp-image-2474\" src=\"http:\/\/www.tribunanf.com.br\/blogdoralfereis\/wp-content\/uploads\/sites\/11\/2019\/08\/cabral.jpg\" alt=\"\" width=\"1600\" height=\"900\" srcset=\"https:\/\/www.tribunanf.com.br\/blogdoralfereis\/wp-content\/uploads\/sites\/11\/2019\/08\/cabral.jpg 1600w, https:\/\/www.tribunanf.com.br\/blogdoralfereis\/wp-content\/uploads\/sites\/11\/2019\/08\/cabral-300x169.jpg 300w, https:\/\/www.tribunanf.com.br\/blogdoralfereis\/wp-content\/uploads\/sites\/11\/2019\/08\/cabral-768x432.jpg 768w, https:\/\/www.tribunanf.com.br\/blogdoralfereis\/wp-content\/uploads\/sites\/11\/2019\/08\/cabral-1024x576.jpg 1024w\" sizes=\"auto, (max-width: 1600px) 100vw, 1600px\" \/><\/p>\n<p style=\"text-align: justify;\">Uma reviravolta surpreendente aconteceu na transfer\u00eancia de S\u00e9rgio Cabral de Bangu 8 para um pres\u00eddio em Niter\u00f3i, o mesmo em que o tamb\u00e9m ex-governador Luiz Fernando Pez\u00e3o cumpre pena.<\/p>\n<p style=\"text-align: justify;\">A ju\u00edza Juliana Benevides, que cobre f\u00e9rias da Vara de Execu\u00e7\u00f5es Penais (VEP) da Justi\u00e7a Fluminense, enviou agora h\u00e1 pouco um of\u00edcio \u00e0 Secretaria de Administra\u00e7\u00e3o Penitenci\u00e1ria informando que S\u00e9rgio Cabral n\u00e3o ser\u00e1 transferido de Bangu 8, como decidira Marcelo Bretas anteontem.<\/p>\n<p style=\"text-align: justify;\">Em seu despacho, a ju\u00edza cita a s\u00famula 192 do STJ, que diz:<\/p>\n<p style=\"text-align: justify;\">\u2014 Compete ao Ju\u00edzo das Execu\u00e7\u00f5es Penais do Estado a execu\u00e7\u00e3o das penas impostas a sentenciados pela Justi\u00e7a Federal, Militar ou Eleitoral, quando recolhidos a estabelecimentos sujeitos \u00e0 administra\u00e7\u00e3o estadual.<\/p>\n<p style=\"text-align: justify;\">Ou seja, para Juliana Benevides, Bretas extrapolou suas atribui\u00e7\u00f5es: caberia \u00e0 VEP essa decis\u00e3o.<\/p>\n<p style=\"text-align: justify;\">Fonte: Blog do Lauro Jardim<\/p>\n","protected":false},"excerpt":{"rendered":"<p>Uma reviravolta surpreendente aconteceu na transfer\u00eancia de S\u00e9rgio Cabral de Bangu 8 para um pres\u00eddio em Niter\u00f3i, o mesmo em&#8230;<\/p>\n","protected":false},"author":2,"featured_media":2474,"comment_status":"open","ping_status":"open","sticky":false,"template":"","format":"standard","meta":{"colormag_page_container_layout":"default_layout","colormag_page_sidebar_layout":"default_layout","jetpack_post_was_ever_published":false,"_jetpack_newsletter_access":"","_jetpack_dont_email_post_to_subs":false,"_jetpack_newsletter_tier_id":0,"_jetpack_memberships_contains_paywalled_content":false,"_jetpack_memberships_contains_paid_content":false,"footnotes":""},"categories":[2],"tags":[],"class_list":["post-2778","post","type-post","status-publish","format-standard","has-post-thumbnail","hentry","category-politica"],"jetpack_featured_media_url":"https:\/\/www.tribunanf.com.br\/blogdoralfereis\/wp-content\/uploads\/sites\/11\/2019\/08\/cabral.jpg","jetpack_sharing_enabled":true,"_links":{"self":[{"href":"https:\/\/www.tribunanf.com.br\/blogdoralfereis\/wp-json\/wp\/v2\/posts\/2778","targetHints":{"allow":["GET"]}}],"collection":[{"href":"https:\/\/www.tribunanf.com.br\/blogdoralfereis\/wp-json\/wp\/v2\/posts"}],"about":[{"href":"https:\/\/www.tribunanf.com.br\/blogdoralfereis\/wp-json\/wp\/v2\/types\/post"}],"author":[{"embeddable":true,"href":"https:\/\/www.tribunanf.com.br\/blogdoralfereis\/wp-json\/wp\/v2\/users\/2"}],"replies":[{"embeddable":true,"href":"https:\/\/www.tribunanf.com.br\/blogdoralfereis\/wp-json\/wp\/v2\/comments?post=2778"}],"version-history":[{"count":0,"href":"https:\/\/www.tribunanf.com.br\/blogdoralfereis\/wp-json\/wp\/v2\/posts\/2778\/revisions"}],"wp:featuredmedia":[{"embeddable":true,"href":"https:\/\/www.tribunanf.com.br\/blogdoralfereis\/wp-json\/wp\/v2\/media\/2474"}],"wp:attachment":[{"href":"https:\/\/www.tribunanf.com.br\/blogdoralfereis\/wp-json\/wp\/v2\/media?parent=2778"}],"wp:term":[{"taxonomy":"category","embeddable":true,"href":"https:\/\/www.tribunanf.com.br\/blogdoralfereis\/wp-json\/wp\/v2\/categories?post=2778"},{"taxonomy":"post_tag","embeddable":true,"href":"https:\/\/www.tribunanf.com.br\/blogdoralfereis\/wp-json\/wp\/v2\/tags?post=2778"}],"curies":[{"name":"wp","href":"https:\/\/api.w.org\/{rel}","templated":true}]}}