{"id":275,"date":"2018-06-22T08:43:27","date_gmt":"2018-06-22T11:43:27","guid":{"rendered":"http:\/\/www.tribunanf.com.br\/blogdoralfereis\/?p=275"},"modified":"2018-06-22T08:43:27","modified_gmt":"2018-06-22T11:43:27","slug":"empresa-de-iluminacao-que-atuou-sem-licitacao-ganha-pregao-no-governo-rafael-diniz","status":"publish","type":"post","link":"https:\/\/www.tribunanf.com.br\/blogdoralfereis\/2018\/06\/22\/empresa-de-iluminacao-que-atuou-sem-licitacao-ganha-pregao-no-governo-rafael-diniz\/","title":{"rendered":"Empresa de ilumina\u00e7\u00e3o que atuou sem licita\u00e7\u00e3o ganha Preg\u00e3o no governo Rafael Diniz"},"content":{"rendered":"<p><img loading=\"lazy\" decoding=\"async\" class=\"aligncenter size-full wp-image-277\" src=\"http:\/\/www.tribunanf.com.br\/blogdoralfereis\/wp-content\/uploads\/sites\/11\/2018\/06\/rafael-4.jpg\" alt=\"\" width=\"735\" height=\"490\" srcset=\"https:\/\/www.tribunanf.com.br\/blogdoralfereis\/wp-content\/uploads\/sites\/11\/2018\/06\/rafael-4.jpg 735w, https:\/\/www.tribunanf.com.br\/blogdoralfereis\/wp-content\/uploads\/sites\/11\/2018\/06\/rafael-4-300x200.jpg 300w\" sizes=\"auto, (max-width: 735px) 100vw, 735px\" \/><\/p>\n<p style=\"text-align: justify;\">A empresa\u00a0Urbeluz Energ\u00e9tica S\/A venceu a licita\u00e7\u00e3o modalidade Preg\u00e3o para atuar na manuten\u00e7\u00e3o da ilumina\u00e7\u00e3o p\u00fablica de Campos.<\/p>\n<p style=\"text-align: justify;\">Segundo o jornal oficial da prefeitura, o valor global do certame ficou em\u00a0R$ 6.750.000,00. Mas outras empresas que participaram da licita\u00e7\u00e3o j\u00e1 avisaram que v\u00e3o impugnar o novo certame.<\/p>\n<p style=\"text-align: justify;\">Coincid\u00eancia&#8230;<\/p>\n<p style=\"text-align: justify;\">A Urbeluz foi a primeira empresa a atuar em contrato emergencial, sem licita\u00e7\u00e3o, no governo Rafael Diniz.<\/p>\n<p style=\"text-align: justify;\">Relembre:<\/p>\n<p><img loading=\"lazy\" decoding=\"async\" class=\"aligncenter size-full wp-image-276\" src=\"http:\/\/www.tribunanf.com.br\/blogdoralfereis\/wp-content\/uploads\/sites\/11\/2018\/06\/ilumina\u00e7\u00e3o.png\" alt=\"\" width=\"521\" height=\"742\" srcset=\"https:\/\/www.tribunanf.com.br\/blogdoralfereis\/wp-content\/uploads\/sites\/11\/2018\/06\/ilumina\u00e7\u00e3o.png 521w, https:\/\/www.tribunanf.com.br\/blogdoralfereis\/wp-content\/uploads\/sites\/11\/2018\/06\/ilumina\u00e7\u00e3o-211x300.png 211w\" sizes=\"auto, (max-width: 521px) 100vw, 521px\" \/><\/p>\n","protected":false},"excerpt":{"rendered":"<p>A empresa\u00a0Urbeluz Energ\u00e9tica S\/A venceu a licita\u00e7\u00e3o modalidade Preg\u00e3o para atuar na manuten\u00e7\u00e3o da ilumina\u00e7\u00e3o p\u00fablica de Campos. Segundo o&#8230;<\/p>\n","protected":false},"author":2,"featured_media":277,"comment_status":"open","ping_status":"open","sticky":false,"template":"","format":"standard","meta":{"colormag_page_container_layout":"default_layout","colormag_page_sidebar_layout":"default_layout","jetpack_post_was_ever_published":false,"_jetpack_newsletter_access":"","_jetpack_dont_email_post_to_subs":false,"_jetpack_newsletter_tier_id":0,"_jetpack_memberships_contains_paywalled_content":false,"_jetpack_memberships_contains_paid_content":false,"footnotes":""},"categories":[2],"tags":[6,4],"class_list":["post-275","post","type-post","status-publish","format-standard","has-post-thumbnail","hentry","category-politica","tag-campos-dos-goytacazes","tag-rafael-diniz"],"jetpack_featured_media_url":"https:\/\/www.tribunanf.com.br\/blogdoralfereis\/wp-content\/uploads\/sites\/11\/2018\/06\/rafael-4.jpg","jetpack_sharing_enabled":true,"_links":{"self":[{"href":"https:\/\/www.tribunanf.com.br\/blogdoralfereis\/wp-json\/wp\/v2\/posts\/275","targetHints":{"allow":["GET"]}}],"collection":[{"href":"https:\/\/www.tribunanf.com.br\/blogdoralfereis\/wp-json\/wp\/v2\/posts"}],"about":[{"href":"https:\/\/www.tribunanf.com.br\/blogdoralfereis\/wp-json\/wp\/v2\/types\/post"}],"author":[{"embeddable":true,"href":"https:\/\/www.tribunanf.com.br\/blogdoralfereis\/wp-json\/wp\/v2\/users\/2"}],"replies":[{"embeddable":true,"href":"https:\/\/www.tribunanf.com.br\/blogdoralfereis\/wp-json\/wp\/v2\/comments?post=275"}],"version-history":[{"count":0,"href":"https:\/\/www.tribunanf.com.br\/blogdoralfereis\/wp-json\/wp\/v2\/posts\/275\/revisions"}],"wp:featuredmedia":[{"embeddable":true,"href":"https:\/\/www.tribunanf.com.br\/blogdoralfereis\/wp-json\/wp\/v2\/media\/277"}],"wp:attachment":[{"href":"https:\/\/www.tribunanf.com.br\/blogdoralfereis\/wp-json\/wp\/v2\/media?parent=275"}],"wp:term":[{"taxonomy":"category","embeddable":true,"href":"https:\/\/www.tribunanf.com.br\/blogdoralfereis\/wp-json\/wp\/v2\/categories?post=275"},{"taxonomy":"post_tag","embeddable":true,"href":"https:\/\/www.tribunanf.com.br\/blogdoralfereis\/wp-json\/wp\/v2\/tags?post=275"}],"curies":[{"name":"wp","href":"https:\/\/api.w.org\/{rel}","templated":true}]}}