{"id":2728,"date":"2019-09-25T14:26:48","date_gmt":"2019-09-25T17:26:48","guid":{"rendered":"http:\/\/www.tribunanf.com.br\/blogdoralfereis\/?p=2728"},"modified":"2019-09-25T14:26:48","modified_gmt":"2019-09-25T17:26:48","slug":"witzel-faz-lobby-pela-aprovacao-de-contas-de-pezao","status":"publish","type":"post","link":"https:\/\/www.tribunanf.com.br\/blogdoralfereis\/2019\/09\/25\/witzel-faz-lobby-pela-aprovacao-de-contas-de-pezao\/","title":{"rendered":"Witzel faz lobby pela aprova\u00e7\u00e3o de contas de Pez\u00e3o"},"content":{"rendered":"<p><img loading=\"lazy\" decoding=\"async\" class=\"aligncenter size-full wp-image-2729\" src=\"http:\/\/www.tribunanf.com.br\/blogdoralfereis\/wp-content\/uploads\/sites\/11\/2019\/09\/pezao-witzel.jpeg\" alt=\"\" width=\"984\" height=\"684\" srcset=\"https:\/\/www.tribunanf.com.br\/blogdoralfereis\/wp-content\/uploads\/sites\/11\/2019\/09\/pezao-witzel.jpeg 984w, https:\/\/www.tribunanf.com.br\/blogdoralfereis\/wp-content\/uploads\/sites\/11\/2019\/09\/pezao-witzel-300x209.jpeg 300w, https:\/\/www.tribunanf.com.br\/blogdoralfereis\/wp-content\/uploads\/sites\/11\/2019\/09\/pezao-witzel-768x534.jpeg 768w, https:\/\/www.tribunanf.com.br\/blogdoralfereis\/wp-content\/uploads\/sites\/11\/2019\/09\/pezao-witzel-392x272.jpeg 392w, https:\/\/www.tribunanf.com.br\/blogdoralfereis\/wp-content\/uploads\/sites\/11\/2019\/09\/pezao-witzel-130x90.jpeg 130w\" sizes=\"auto, (max-width: 984px) 100vw, 984px\" \/><\/p>\n<p style=\"text-align: justify;\">Apesar de o governo Witzel pertencer a um grupo pol\u00edtico diferente daquele de seus antecessores, o Pal\u00e1cio Guanabara se movimenta para que as contas do \u00faltimo ano de Pez\u00e3o (MDB) e Dornelles (PP) sejam aprovadas \u2014 criando um precedente para evitar uma rejei\u00e7\u00e3o no ano que vem.<\/p>\n<p style=\"text-align: justify;\">Mas os problemas j\u00e1 come\u00e7aram. A sess\u00e3o de ter\u00e7a-feira (24) da Comiss\u00e3o de Or\u00e7amento terminou em empate, e cabe \u00e0 deputada petista Zeidan dar a palavra final sobre o parecer que ser\u00e1 levado ao plen\u00e1rio.<\/p>\n<p style=\"text-align: justify;\">E a ordem para que o PSL desembarque do governo j\u00e1 se faz sentir: o presidente da comiss\u00e3o e relator do processo, Rodrigo Amorim (PSL) \u00e9 um dos votos para reprovar as contas de 2018.<\/p>\n<p style=\"text-align: justify;\">Resta saber se, no plen\u00e1rio, os deputados que prometeram a seus eleitores uma nova pol\u00edtica v\u00e3o compactuar com os problemas do governo anterior.<\/p>\n<p style=\"text-align: justify;\">Fonte: Extra, Extra<\/p>\n","protected":false},"excerpt":{"rendered":"<p>Apesar de o governo Witzel pertencer a um grupo pol\u00edtico diferente daquele de seus antecessores, o Pal\u00e1cio Guanabara se movimenta&#8230;<\/p>\n","protected":false},"author":2,"featured_media":2729,"comment_status":"open","ping_status":"open","sticky":false,"template":"","format":"standard","meta":{"colormag_page_container_layout":"default_layout","colormag_page_sidebar_layout":"default_layout","jetpack_post_was_ever_published":false,"_jetpack_newsletter_access":"","_jetpack_dont_email_post_to_subs":false,"_jetpack_newsletter_tier_id":0,"_jetpack_memberships_contains_paywalled_content":false,"_jetpack_memberships_contains_paid_content":false,"footnotes":""},"categories":[2],"tags":[],"class_list":["post-2728","post","type-post","status-publish","format-standard","has-post-thumbnail","hentry","category-politica"],"jetpack_featured_media_url":"https:\/\/www.tribunanf.com.br\/blogdoralfereis\/wp-content\/uploads\/sites\/11\/2019\/09\/pezao-witzel.jpeg","jetpack_sharing_enabled":true,"_links":{"self":[{"href":"https:\/\/www.tribunanf.com.br\/blogdoralfereis\/wp-json\/wp\/v2\/posts\/2728","targetHints":{"allow":["GET"]}}],"collection":[{"href":"https:\/\/www.tribunanf.com.br\/blogdoralfereis\/wp-json\/wp\/v2\/posts"}],"about":[{"href":"https:\/\/www.tribunanf.com.br\/blogdoralfereis\/wp-json\/wp\/v2\/types\/post"}],"author":[{"embeddable":true,"href":"https:\/\/www.tribunanf.com.br\/blogdoralfereis\/wp-json\/wp\/v2\/users\/2"}],"replies":[{"embeddable":true,"href":"https:\/\/www.tribunanf.com.br\/blogdoralfereis\/wp-json\/wp\/v2\/comments?post=2728"}],"version-history":[{"count":0,"href":"https:\/\/www.tribunanf.com.br\/blogdoralfereis\/wp-json\/wp\/v2\/posts\/2728\/revisions"}],"wp:featuredmedia":[{"embeddable":true,"href":"https:\/\/www.tribunanf.com.br\/blogdoralfereis\/wp-json\/wp\/v2\/media\/2729"}],"wp:attachment":[{"href":"https:\/\/www.tribunanf.com.br\/blogdoralfereis\/wp-json\/wp\/v2\/media?parent=2728"}],"wp:term":[{"taxonomy":"category","embeddable":true,"href":"https:\/\/www.tribunanf.com.br\/blogdoralfereis\/wp-json\/wp\/v2\/categories?post=2728"},{"taxonomy":"post_tag","embeddable":true,"href":"https:\/\/www.tribunanf.com.br\/blogdoralfereis\/wp-json\/wp\/v2\/tags?post=2728"}],"curies":[{"name":"wp","href":"https:\/\/api.w.org\/{rel}","templated":true}]}}