{"id":272,"date":"2018-06-21T10:44:49","date_gmt":"2018-06-21T13:44:49","guid":{"rendered":"http:\/\/www.tribunanf.com.br\/blogdoralfereis\/?p=272"},"modified":"2018-06-21T11:46:04","modified_gmt":"2018-06-21T14:46:04","slug":"o-cara-ta-podendo","status":"publish","type":"post","link":"https:\/\/www.tribunanf.com.br\/blogdoralfereis\/2018\/06\/21\/o-cara-ta-podendo\/","title":{"rendered":"O cara t\u00e1 podendo"},"content":{"rendered":"<p><img loading=\"lazy\" decoding=\"async\" class=\"aligncenter size-full wp-image-267\" src=\"http:\/\/www.tribunanf.com.br\/blogdoralfereis\/wp-content\/uploads\/sites\/11\/2018\/06\/41b2c884-a113-4d7a-bc75-5725e9a71eab.jpg\" alt=\"\" width=\"720\" height=\"480\" srcset=\"https:\/\/www.tribunanf.com.br\/blogdoralfereis\/wp-content\/uploads\/sites\/11\/2018\/06\/41b2c884-a113-4d7a-bc75-5725e9a71eab.jpg 720w, https:\/\/www.tribunanf.com.br\/blogdoralfereis\/wp-content\/uploads\/sites\/11\/2018\/06\/41b2c884-a113-4d7a-bc75-5725e9a71eab-300x200.jpg 300w\" sizes=\"auto, (max-width: 720px) 100vw, 720px\" \/><\/p>\n<p style=\"text-align: justify;\">Depois da postagem do blog sobre a opera\u00e7\u00e3o do transporte coletivo em Para\u00edba do Sul pela avia\u00e7\u00e3o S\u00e3o Salvador de Campos (<a title=\"Abinho t\u00e1 podendo\" href=\"http:\/\/www.tribunanf.com.br\/blogdoralfereis\/2018\/06\/20\/abinho-ta-podendo\/\">Abinho t\u00e1 podendo)<\/a>, o jornal oficial da prefeitura apareceu com dados que somente pessoas envolvidas no \u201cneg\u00f3cio\u201d poderiam saber.<\/p>\n<p style=\"text-align: justify;\">Primeiro ponto \u00e9 que o assunto j\u00e1 teria sido noticiado por uma afiliada da rede Globo no sul fluminense. Depois disso tamb\u00e9m sustenta a informa\u00e7\u00e3o de que um jornal sul fluminense tamb\u00e9m teria dado a mat\u00e9ria. Se o jornal oficial da prefeitura de Campos sabia disso tudo porque ent\u00e3o s\u00f3 deu a mat\u00e9ria depois do blog?<\/p>\n<p style=\"text-align: justify;\">Esse assunto quanto mais explica menos diz. Basta saber dos motoristas dos \u00f4nibus de quem partiu a ordem para ir de Campos \u00e0 Para\u00edba do Sul informando inclusive onde os ve\u00edculos abasteceram e quem pagou. O resto \u00e9 purpurina.<\/p>\n<p style=\"text-align: justify;\">Essa \u00e9 a prova inequ\u00edvoca de que o cara ta podendo.<\/p>\n","protected":false},"excerpt":{"rendered":"<p>Depois da postagem do blog sobre a opera\u00e7\u00e3o do transporte coletivo em Para\u00edba do Sul pela avia\u00e7\u00e3o S\u00e3o Salvador de&#8230;<\/p>\n","protected":false},"author":2,"featured_media":267,"comment_status":"open","ping_status":"open","sticky":false,"template":"","format":"standard","meta":{"colormag_page_container_layout":"default_layout","colormag_page_sidebar_layout":"default_layout","jetpack_post_was_ever_published":false,"_jetpack_newsletter_access":"","_jetpack_dont_email_post_to_subs":false,"_jetpack_newsletter_tier_id":0,"_jetpack_memberships_contains_paywalled_content":false,"_jetpack_memberships_contains_paid_content":false,"footnotes":""},"categories":[2],"tags":[6],"class_list":["post-272","post","type-post","status-publish","format-standard","has-post-thumbnail","hentry","category-politica","tag-campos-dos-goytacazes"],"jetpack_featured_media_url":"https:\/\/www.tribunanf.com.br\/blogdoralfereis\/wp-content\/uploads\/sites\/11\/2018\/06\/41b2c884-a113-4d7a-bc75-5725e9a71eab.jpg","jetpack_sharing_enabled":true,"_links":{"self":[{"href":"https:\/\/www.tribunanf.com.br\/blogdoralfereis\/wp-json\/wp\/v2\/posts\/272","targetHints":{"allow":["GET"]}}],"collection":[{"href":"https:\/\/www.tribunanf.com.br\/blogdoralfereis\/wp-json\/wp\/v2\/posts"}],"about":[{"href":"https:\/\/www.tribunanf.com.br\/blogdoralfereis\/wp-json\/wp\/v2\/types\/post"}],"author":[{"embeddable":true,"href":"https:\/\/www.tribunanf.com.br\/blogdoralfereis\/wp-json\/wp\/v2\/users\/2"}],"replies":[{"embeddable":true,"href":"https:\/\/www.tribunanf.com.br\/blogdoralfereis\/wp-json\/wp\/v2\/comments?post=272"}],"version-history":[{"count":0,"href":"https:\/\/www.tribunanf.com.br\/blogdoralfereis\/wp-json\/wp\/v2\/posts\/272\/revisions"}],"wp:featuredmedia":[{"embeddable":true,"href":"https:\/\/www.tribunanf.com.br\/blogdoralfereis\/wp-json\/wp\/v2\/media\/267"}],"wp:attachment":[{"href":"https:\/\/www.tribunanf.com.br\/blogdoralfereis\/wp-json\/wp\/v2\/media?parent=272"}],"wp:term":[{"taxonomy":"category","embeddable":true,"href":"https:\/\/www.tribunanf.com.br\/blogdoralfereis\/wp-json\/wp\/v2\/categories?post=272"},{"taxonomy":"post_tag","embeddable":true,"href":"https:\/\/www.tribunanf.com.br\/blogdoralfereis\/wp-json\/wp\/v2\/tags?post=272"}],"curies":[{"name":"wp","href":"https:\/\/api.w.org\/{rel}","templated":true}]}}