{"id":2712,"date":"2019-09-19T08:16:09","date_gmt":"2019-09-19T11:16:09","guid":{"rendered":"http:\/\/www.tribunanf.com.br\/blogdoralfereis\/?p=2712"},"modified":"2019-09-19T08:16:09","modified_gmt":"2019-09-19T11:16:09","slug":"governador-witzel-anuncia-pagamento-de-quinquenio-dos-professores","status":"publish","type":"post","link":"https:\/\/www.tribunanf.com.br\/blogdoralfereis\/2019\/09\/19\/governador-witzel-anuncia-pagamento-de-quinquenio-dos-professores\/","title":{"rendered":"Governador Witzel anuncia pagamento de quinqu\u00eanio dos professores"},"content":{"rendered":"<p><img loading=\"lazy\" decoding=\"async\" class=\"aligncenter size-full wp-image-2714\" src=\"http:\/\/www.tribunanf.com.br\/blogdoralfereis\/wp-content\/uploads\/sites\/11\/2019\/09\/witzel.jpg\" alt=\"\" width=\"1086\" height=\"652\" srcset=\"https:\/\/www.tribunanf.com.br\/blogdoralfereis\/wp-content\/uploads\/sites\/11\/2019\/09\/witzel.jpg 1086w, https:\/\/www.tribunanf.com.br\/blogdoralfereis\/wp-content\/uploads\/sites\/11\/2019\/09\/witzel-300x180.jpg 300w, https:\/\/www.tribunanf.com.br\/blogdoralfereis\/wp-content\/uploads\/sites\/11\/2019\/09\/witzel-768x461.jpg 768w, https:\/\/www.tribunanf.com.br\/blogdoralfereis\/wp-content\/uploads\/sites\/11\/2019\/09\/witzel-1024x615.jpg 1024w\" sizes=\"auto, (max-width: 1086px) 100vw, 1086px\" \/><\/p>\n<p style=\"text-align: justify;\">O governador Wilson Witzel anunciou no in\u00edcio da manh\u00e3 desta quinta-feira (19) em suas redes sociais o pagamento de quinqu\u00eanio dos professores do estado.<\/p>\n<p style=\"text-align: justify;\">\u2013 \u00c9 como muita alegria que anuncio o in\u00edcio do pagamento, nos pr\u00f3ximos dias, do quinqu\u00eanio dos professores da rede estadual de ensino, por meio da sec. de Educa\u00e7\u00e3o. Neste primeiro momento, 14.304 professores receber\u00e3o o benef\u00edcio, ao qual tinham direito desde maio de 2018 \u2013 informou o governador.<\/p>\n<p>Confira:<\/p>\n<blockquote class=\"twitter-tweet\" data-width=\"550\" data-dnt=\"true\">\n<p lang=\"pt\" dir=\"ltr\">\u00c9 como muita alegria que anuncio o in\u00edcio do pagamento, nos pr\u00f3ximos dias, do quinqu\u00eanio dos professores da rede estadual de ensino, por meio da sec. de Educa\u00e7\u00e3o. Neste primeiro momento, 14.304 professores receber\u00e3o o benef\u00edcio, ao qual tinham direito desde maio de 2018. <a href=\"https:\/\/t.co\/SCQP78AJy0\">pic.twitter.com\/SCQP78AJy0<\/a><\/p>\n<p>&mdash; Wilson Witzel (@wilsonwitzel) <a href=\"https:\/\/twitter.com\/wilsonwitzel\/status\/1174625824424779777?ref_src=twsrc%5Etfw\" target=\"_blank\" rel=\"noopener\">September 19, 2019<\/a><\/p><\/blockquote>\n<p><script async src=\"https:\/\/platform.twitter.com\/widgets.js\" charset=\"utf-8\"><\/script><\/p>\n","protected":false},"excerpt":{"rendered":"<p>O governador Wilson Witzel anunciou no in\u00edcio da manh\u00e3 desta quinta-feira (19) em suas redes sociais o pagamento de quinqu\u00eanio&#8230;<\/p>\n","protected":false},"author":2,"featured_media":2714,"comment_status":"open","ping_status":"open","sticky":false,"template":"","format":"standard","meta":{"colormag_page_container_layout":"default_layout","colormag_page_sidebar_layout":"default_layout","jetpack_post_was_ever_published":false,"_jetpack_newsletter_access":"","_jetpack_dont_email_post_to_subs":false,"_jetpack_newsletter_tier_id":0,"_jetpack_memberships_contains_paywalled_content":false,"_jetpack_memberships_contains_paid_content":false,"footnotes":""},"categories":[2],"tags":[],"class_list":["post-2712","post","type-post","status-publish","format-standard","has-post-thumbnail","hentry","category-politica"],"jetpack_featured_media_url":"https:\/\/www.tribunanf.com.br\/blogdoralfereis\/wp-content\/uploads\/sites\/11\/2019\/09\/witzel.jpg","jetpack_sharing_enabled":true,"_links":{"self":[{"href":"https:\/\/www.tribunanf.com.br\/blogdoralfereis\/wp-json\/wp\/v2\/posts\/2712","targetHints":{"allow":["GET"]}}],"collection":[{"href":"https:\/\/www.tribunanf.com.br\/blogdoralfereis\/wp-json\/wp\/v2\/posts"}],"about":[{"href":"https:\/\/www.tribunanf.com.br\/blogdoralfereis\/wp-json\/wp\/v2\/types\/post"}],"author":[{"embeddable":true,"href":"https:\/\/www.tribunanf.com.br\/blogdoralfereis\/wp-json\/wp\/v2\/users\/2"}],"replies":[{"embeddable":true,"href":"https:\/\/www.tribunanf.com.br\/blogdoralfereis\/wp-json\/wp\/v2\/comments?post=2712"}],"version-history":[{"count":0,"href":"https:\/\/www.tribunanf.com.br\/blogdoralfereis\/wp-json\/wp\/v2\/posts\/2712\/revisions"}],"wp:featuredmedia":[{"embeddable":true,"href":"https:\/\/www.tribunanf.com.br\/blogdoralfereis\/wp-json\/wp\/v2\/media\/2714"}],"wp:attachment":[{"href":"https:\/\/www.tribunanf.com.br\/blogdoralfereis\/wp-json\/wp\/v2\/media?parent=2712"}],"wp:term":[{"taxonomy":"category","embeddable":true,"href":"https:\/\/www.tribunanf.com.br\/blogdoralfereis\/wp-json\/wp\/v2\/categories?post=2712"},{"taxonomy":"post_tag","embeddable":true,"href":"https:\/\/www.tribunanf.com.br\/blogdoralfereis\/wp-json\/wp\/v2\/tags?post=2712"}],"curies":[{"name":"wp","href":"https:\/\/api.w.org\/{rel}","templated":true}]}}