{"id":2707,"date":"2019-09-18T14:18:18","date_gmt":"2019-09-18T17:18:18","guid":{"rendered":"http:\/\/www.tribunanf.com.br\/blogdoralfereis\/?p=2707"},"modified":"2019-09-18T14:18:18","modified_gmt":"2019-09-18T17:18:18","slug":"camara-campos-dia-de-barraco-e-criacao-de-novo-bloco","status":"publish","type":"post","link":"https:\/\/www.tribunanf.com.br\/blogdoralfereis\/2019\/09\/18\/camara-campos-dia-de-barraco-e-criacao-de-novo-bloco\/","title":{"rendered":"C\u00e2mara Campos: dia de barraco e cria\u00e7\u00e3o de novo bloco"},"content":{"rendered":"<p><img loading=\"lazy\" decoding=\"async\" class=\"aligncenter size-full wp-image-125\" src=\"http:\/\/www.tribunanf.com.br\/blogdoralfereis\/wp-content\/uploads\/sites\/11\/2018\/06\/camaracampos.jpg\" alt=\"\" width=\"3264\" height=\"2448\" \/><\/p>\n<p style=\"text-align: justify;\">Ap\u00f3s uma longa temporada sem \u00e0 popula\u00e7\u00e3o saber qualquer not\u00edcia dos vereadores de Campos, ontem foi dia de barraco no plen\u00e1rio da C\u00e2mara, com mais not\u00edcias negativas.<\/p>\n<p style=\"text-align: justify;\">Teve de tudo. Vereador chamando uma colega de morna para defender o governo, base governista amea\u00e7ando rompimento, vereador reclamando de secret\u00e1rios e at\u00e9, conforme noticiou o site Campos24horas, a cria\u00e7\u00e3o de um bloco, chamado de &#8216;bloco dos 9&#8217;, com supostos independentes. Na verdade o bloco \u00e9 formado por governistas temporariamente insatisfeitos.<\/p>\n<p style=\"text-align: justify;\">Apesar da rebeli\u00e3o governista, nenhum edil subiu \u00e0 tribuna para entregar os cargos indicados por eles, inclusive com nomea\u00e7\u00e3o de familiares, parentes at\u00e9 a \u00faltima gera\u00e7\u00e3o e outras indica\u00e7\u00f5es bastante \u00edntimas.<\/p>\n<p style=\"text-align: justify;\">A n\u00e3o entrega dos cargos deixa a porta aberta para busca de novos &#8220;entendimentos&#8221; com o prefeito.<\/p>\n<p>E olha que a turma vai custar R$ 30 milh\u00f5es em 2020, segundo o or\u00e7amento da C\u00e2mara que ser\u00e1 votado em breve.<\/p>\n","protected":false},"excerpt":{"rendered":"<p>Ap\u00f3s uma longa temporada sem \u00e0 popula\u00e7\u00e3o saber qualquer not\u00edcia dos vereadores de Campos, ontem foi dia de barraco no&#8230;<\/p>\n","protected":false},"author":2,"featured_media":125,"comment_status":"open","ping_status":"open","sticky":false,"template":"","format":"standard","meta":{"colormag_page_container_layout":"default_layout","colormag_page_sidebar_layout":"default_layout","jetpack_post_was_ever_published":false,"_jetpack_newsletter_access":"","_jetpack_dont_email_post_to_subs":false,"_jetpack_newsletter_tier_id":0,"_jetpack_memberships_contains_paywalled_content":false,"_jetpack_memberships_contains_paid_content":false,"footnotes":""},"categories":[2],"tags":[],"class_list":["post-2707","post","type-post","status-publish","format-standard","has-post-thumbnail","hentry","category-politica"],"jetpack_featured_media_url":"https:\/\/www.tribunanf.com.br\/blogdoralfereis\/wp-content\/uploads\/sites\/11\/2018\/06\/camaracampos-e1619128893886.jpg","jetpack_sharing_enabled":true,"_links":{"self":[{"href":"https:\/\/www.tribunanf.com.br\/blogdoralfereis\/wp-json\/wp\/v2\/posts\/2707","targetHints":{"allow":["GET"]}}],"collection":[{"href":"https:\/\/www.tribunanf.com.br\/blogdoralfereis\/wp-json\/wp\/v2\/posts"}],"about":[{"href":"https:\/\/www.tribunanf.com.br\/blogdoralfereis\/wp-json\/wp\/v2\/types\/post"}],"author":[{"embeddable":true,"href":"https:\/\/www.tribunanf.com.br\/blogdoralfereis\/wp-json\/wp\/v2\/users\/2"}],"replies":[{"embeddable":true,"href":"https:\/\/www.tribunanf.com.br\/blogdoralfereis\/wp-json\/wp\/v2\/comments?post=2707"}],"version-history":[{"count":0,"href":"https:\/\/www.tribunanf.com.br\/blogdoralfereis\/wp-json\/wp\/v2\/posts\/2707\/revisions"}],"wp:featuredmedia":[{"embeddable":true,"href":"https:\/\/www.tribunanf.com.br\/blogdoralfereis\/wp-json\/wp\/v2\/media\/125"}],"wp:attachment":[{"href":"https:\/\/www.tribunanf.com.br\/blogdoralfereis\/wp-json\/wp\/v2\/media?parent=2707"}],"wp:term":[{"taxonomy":"category","embeddable":true,"href":"https:\/\/www.tribunanf.com.br\/blogdoralfereis\/wp-json\/wp\/v2\/categories?post=2707"},{"taxonomy":"post_tag","embeddable":true,"href":"https:\/\/www.tribunanf.com.br\/blogdoralfereis\/wp-json\/wp\/v2\/tags?post=2707"}],"curies":[{"name":"wp","href":"https:\/\/api.w.org\/{rel}","templated":true}]}}