{"id":2702,"date":"2019-09-18T08:29:45","date_gmt":"2019-09-18T11:29:45","guid":{"rendered":"http:\/\/www.tribunanf.com.br\/blogdoralfereis\/?p=2702"},"modified":"2019-09-18T08:29:45","modified_gmt":"2019-09-18T11:29:45","slug":"rafael-diniz-publica-lei-de-reducao-da-carga-horaria-de-servidores-veja-as-categorias-beneficiadas","status":"publish","type":"post","link":"https:\/\/www.tribunanf.com.br\/blogdoralfereis\/2019\/09\/18\/rafael-diniz-publica-lei-de-reducao-da-carga-horaria-de-servidores-veja-as-categorias-beneficiadas\/","title":{"rendered":"Rafael Diniz publica lei de redu\u00e7\u00e3o da carga hor\u00e1ria de servidores; veja as categorias beneficiadas"},"content":{"rendered":"<p><img loading=\"lazy\" decoding=\"async\" class=\"aligncenter size-full wp-image-2694\" src=\"http:\/\/www.tribunanf.com.br\/blogdoralfereis\/wp-content\/uploads\/sites\/11\/2019\/09\/rafael-diniz.jpg\" alt=\"\" width=\"960\" height=\"720\" srcset=\"https:\/\/www.tribunanf.com.br\/blogdoralfereis\/wp-content\/uploads\/sites\/11\/2019\/09\/rafael-diniz.jpg 960w, https:\/\/www.tribunanf.com.br\/blogdoralfereis\/wp-content\/uploads\/sites\/11\/2019\/09\/rafael-diniz-300x225.jpg 300w, https:\/\/www.tribunanf.com.br\/blogdoralfereis\/wp-content\/uploads\/sites\/11\/2019\/09\/rafael-diniz-768x576.jpg 768w\" sizes=\"auto, (max-width: 960px) 100vw, 960px\" \/><\/p>\n<p style=\"text-align: justify;\">O Prefeito de Campos dos Goytacazes, Rafael Diniz, publicou no Di\u00e1rio Oficial desta quarta-feira (18) a lei reduzindo para 30 horas semanais a carga hor\u00e1ria para diversas categorias de servidores municipais.<\/p>\n<p style=\"text-align: justify;\">A demanda foi apresentada pelo Sindicato dos Profissionais Servidores P\u00fablicos Municipais de Campos (Siprosep), assinada no dia de ontem pelo prefeito.<\/p>\n<p style=\"text-align: justify;\">Confira as categorias beneficiadas aqui:<a href=\"https:\/\/www.campos.rj.gov.br\/arquivos\/DO\/Set-2019\/DiarioOficialEletronicoEdicao-435.pdf\" target=\"_blank\" rel=\"noopener noreferrer\"> Di\u00e1rio Oficial<\/a>.<\/p>\n","protected":false},"excerpt":{"rendered":"<p>O Prefeito de Campos dos Goytacazes, Rafael Diniz, publicou no Di\u00e1rio Oficial desta quarta-feira (18) a lei reduzindo para 30&#8230;<\/p>\n","protected":false},"author":2,"featured_media":2694,"comment_status":"open","ping_status":"open","sticky":false,"template":"","format":"standard","meta":{"colormag_page_container_layout":"default_layout","colormag_page_sidebar_layout":"default_layout","jetpack_post_was_ever_published":false,"_jetpack_newsletter_access":"","_jetpack_dont_email_post_to_subs":false,"_jetpack_newsletter_tier_id":0,"_jetpack_memberships_contains_paywalled_content":false,"_jetpack_memberships_contains_paid_content":false,"footnotes":""},"categories":[2],"tags":[],"class_list":["post-2702","post","type-post","status-publish","format-standard","has-post-thumbnail","hentry","category-politica"],"jetpack_featured_media_url":"https:\/\/www.tribunanf.com.br\/blogdoralfereis\/wp-content\/uploads\/sites\/11\/2019\/09\/rafael-diniz.jpg","jetpack_sharing_enabled":true,"_links":{"self":[{"href":"https:\/\/www.tribunanf.com.br\/blogdoralfereis\/wp-json\/wp\/v2\/posts\/2702","targetHints":{"allow":["GET"]}}],"collection":[{"href":"https:\/\/www.tribunanf.com.br\/blogdoralfereis\/wp-json\/wp\/v2\/posts"}],"about":[{"href":"https:\/\/www.tribunanf.com.br\/blogdoralfereis\/wp-json\/wp\/v2\/types\/post"}],"author":[{"embeddable":true,"href":"https:\/\/www.tribunanf.com.br\/blogdoralfereis\/wp-json\/wp\/v2\/users\/2"}],"replies":[{"embeddable":true,"href":"https:\/\/www.tribunanf.com.br\/blogdoralfereis\/wp-json\/wp\/v2\/comments?post=2702"}],"version-history":[{"count":0,"href":"https:\/\/www.tribunanf.com.br\/blogdoralfereis\/wp-json\/wp\/v2\/posts\/2702\/revisions"}],"wp:featuredmedia":[{"embeddable":true,"href":"https:\/\/www.tribunanf.com.br\/blogdoralfereis\/wp-json\/wp\/v2\/media\/2694"}],"wp:attachment":[{"href":"https:\/\/www.tribunanf.com.br\/blogdoralfereis\/wp-json\/wp\/v2\/media?parent=2702"}],"wp:term":[{"taxonomy":"category","embeddable":true,"href":"https:\/\/www.tribunanf.com.br\/blogdoralfereis\/wp-json\/wp\/v2\/categories?post=2702"},{"taxonomy":"post_tag","embeddable":true,"href":"https:\/\/www.tribunanf.com.br\/blogdoralfereis\/wp-json\/wp\/v2\/tags?post=2702"}],"curies":[{"name":"wp","href":"https:\/\/api.w.org\/{rel}","templated":true}]}}