{"id":2693,"date":"2019-09-17T13:52:18","date_gmt":"2019-09-17T16:52:18","guid":{"rendered":"http:\/\/www.tribunanf.com.br\/blogdoralfereis\/?p=2693"},"modified":"2019-09-17T13:52:18","modified_gmt":"2019-09-17T16:52:18","slug":"rafael-diniz-assina-lei-reduzindo-carga-horaria-de-servidores-de-niveis-fundamental-e-medio","status":"publish","type":"post","link":"https:\/\/www.tribunanf.com.br\/blogdoralfereis\/2019\/09\/17\/rafael-diniz-assina-lei-reduzindo-carga-horaria-de-servidores-de-niveis-fundamental-e-medio\/","title":{"rendered":"Rafael Diniz assina lei reduzindo carga hor\u00e1ria de servidores de n\u00edveis fundamental e m\u00e9dio"},"content":{"rendered":"<p><img loading=\"lazy\" decoding=\"async\" class=\"aligncenter size-full wp-image-2694\" src=\"http:\/\/www.tribunanf.com.br\/blogdoralfereis\/wp-content\/uploads\/sites\/11\/2019\/09\/rafael-diniz.jpg\" alt=\"\" width=\"960\" height=\"720\" srcset=\"https:\/\/www.tribunanf.com.br\/blogdoralfereis\/wp-content\/uploads\/sites\/11\/2019\/09\/rafael-diniz.jpg 960w, https:\/\/www.tribunanf.com.br\/blogdoralfereis\/wp-content\/uploads\/sites\/11\/2019\/09\/rafael-diniz-300x225.jpg 300w, https:\/\/www.tribunanf.com.br\/blogdoralfereis\/wp-content\/uploads\/sites\/11\/2019\/09\/rafael-diniz-768x576.jpg 768w\" sizes=\"auto, (max-width: 960px) 100vw, 960px\" \/><\/p>\n<p style=\"text-align: justify;\">O Prefeito de Campos dos Goytacazes, Rafael Diniz, assinou nesta ter\u00e7a-feira (17) uma lei reduzindo para 30 horas semanais a jornada de trabalho dos servidores de diversas categorias de n\u00edveis fundamental e m\u00e9dio.<\/p>\n<p style=\"text-align: justify;\">A demanda foi apresentada pelo Sindicato dos Profissionais Servidores P\u00fablicos Municipais de Campos (Siprosep). A proposta contempla mais de 5 mil servidores de v\u00e1rias categorias da administra\u00e7\u00e3o direta e indireta.<\/p>\n<p style=\"text-align: justify;\">\u2014 Assinei, nesta ter\u00e7a-feira, uma lei reduzindo para 30 horas semanais a jornada de trabalho dos servidores de diversas categorias. Esta \u00e9 uma reivindica\u00e7\u00e3o do Siprosep que, apesar do momento dif\u00edcil que o Munic\u00edpio enfrenta, conseguimos tornar realidade \u2014 disse Rafael em rede social.<\/p>\n<div class=\"fb-post\" data-href=\"https:\/\/www.facebook.com\/RafaelDinizOficial\/photos\/a.248229415364775\/1173439506177090\/?type=3&#038;theater\" data-width=\"552\" style=\"background-color: #fff; display: inline-block;\"><\/div>\n","protected":false},"excerpt":{"rendered":"<p>O Prefeito de Campos dos Goytacazes, Rafael Diniz, assinou nesta ter\u00e7a-feira (17) uma lei reduzindo para 30 horas semanais a&#8230;<\/p>\n","protected":false},"author":2,"featured_media":2694,"comment_status":"open","ping_status":"open","sticky":false,"template":"","format":"standard","meta":{"colormag_page_container_layout":"default_layout","colormag_page_sidebar_layout":"default_layout","jetpack_post_was_ever_published":false,"_jetpack_newsletter_access":"","_jetpack_dont_email_post_to_subs":false,"_jetpack_newsletter_tier_id":0,"_jetpack_memberships_contains_paywalled_content":false,"_jetpack_memberships_contains_paid_content":false,"footnotes":""},"categories":[2],"tags":[],"class_list":["post-2693","post","type-post","status-publish","format-standard","has-post-thumbnail","hentry","category-politica"],"jetpack_featured_media_url":"https:\/\/www.tribunanf.com.br\/blogdoralfereis\/wp-content\/uploads\/sites\/11\/2019\/09\/rafael-diniz.jpg","jetpack_sharing_enabled":true,"_links":{"self":[{"href":"https:\/\/www.tribunanf.com.br\/blogdoralfereis\/wp-json\/wp\/v2\/posts\/2693","targetHints":{"allow":["GET"]}}],"collection":[{"href":"https:\/\/www.tribunanf.com.br\/blogdoralfereis\/wp-json\/wp\/v2\/posts"}],"about":[{"href":"https:\/\/www.tribunanf.com.br\/blogdoralfereis\/wp-json\/wp\/v2\/types\/post"}],"author":[{"embeddable":true,"href":"https:\/\/www.tribunanf.com.br\/blogdoralfereis\/wp-json\/wp\/v2\/users\/2"}],"replies":[{"embeddable":true,"href":"https:\/\/www.tribunanf.com.br\/blogdoralfereis\/wp-json\/wp\/v2\/comments?post=2693"}],"version-history":[{"count":0,"href":"https:\/\/www.tribunanf.com.br\/blogdoralfereis\/wp-json\/wp\/v2\/posts\/2693\/revisions"}],"wp:featuredmedia":[{"embeddable":true,"href":"https:\/\/www.tribunanf.com.br\/blogdoralfereis\/wp-json\/wp\/v2\/media\/2694"}],"wp:attachment":[{"href":"https:\/\/www.tribunanf.com.br\/blogdoralfereis\/wp-json\/wp\/v2\/media?parent=2693"}],"wp:term":[{"taxonomy":"category","embeddable":true,"href":"https:\/\/www.tribunanf.com.br\/blogdoralfereis\/wp-json\/wp\/v2\/categories?post=2693"},{"taxonomy":"post_tag","embeddable":true,"href":"https:\/\/www.tribunanf.com.br\/blogdoralfereis\/wp-json\/wp\/v2\/tags?post=2693"}],"curies":[{"name":"wp","href":"https:\/\/api.w.org\/{rel}","templated":true}]}}