{"id":269,"date":"2018-06-20T21:56:18","date_gmt":"2018-06-21T00:56:18","guid":{"rendered":"http:\/\/www.tribunanf.com.br\/blogdoralfereis\/?p=269"},"modified":"2018-06-20T21:58:19","modified_gmt":"2018-06-21T00:58:19","slug":"emergencia-na-merenda-de-campos","status":"publish","type":"post","link":"https:\/\/www.tribunanf.com.br\/blogdoralfereis\/2018\/06\/20\/emergencia-na-merenda-de-campos\/","title":{"rendered":"Emerg\u00eancia na merenda de Campos"},"content":{"rendered":"<p><img loading=\"lazy\" decoding=\"async\" class=\"aligncenter size-full wp-image-252\" src=\"http:\/\/www.tribunanf.com.br\/blogdoralfereis\/wp-content\/uploads\/sites\/11\/2018\/06\/rafael-diniz-educa\u00e7ao-C\u00f3pia.jpg\" alt=\"\" width=\"715\" height=\"400\" srcset=\"https:\/\/www.tribunanf.com.br\/blogdoralfereis\/wp-content\/uploads\/sites\/11\/2018\/06\/rafael-diniz-educa\u00e7ao-C\u00f3pia.jpg 715w, https:\/\/www.tribunanf.com.br\/blogdoralfereis\/wp-content\/uploads\/sites\/11\/2018\/06\/rafael-diniz-educa\u00e7ao-C\u00f3pia-300x168.jpg 300w\" sizes=\"auto, (max-width: 715px) 100vw, 715px\" \/><\/p>\n<p style=\"text-align: justify;\">Depois da emerg\u00eancia na ilumina\u00e7\u00e3o publica, vem ai a emerg\u00eancia na merenda.<\/p>\n<p style=\"text-align: justify;\">\u00c9 que, o edital como foi confeccionado, abriu espa\u00e7o para in\u00fameras impugna\u00e7\u00f5es. Deve aparecer nas pr\u00f3ximas horas uma empresa contratada de forma emergencial na mesma modalidade da ilumina\u00e7\u00e3o p\u00fablica.<\/p>\n<p style=\"text-align: justify;\">Esse expediente tem sido usado por v\u00e1rios munic\u00edpios da regi\u00e3o, inclusive pelo munic\u00edpio de SFI na contrata\u00e7\u00e3o do lixo, tamb\u00e9m com emerg\u00eancia.<\/p>\n<p style=\"text-align: justify;\">Os prefeitos de Campos e S\u00e3o Francisco do Itaboana tem uma coisa em comum. Todos s\u00e3o pupilos da prefeita de S\u00e3o Jo\u00e3o da Barra Carla Machado.<\/p>\n<p style=\"text-align: justify;\">Nada acontece em Campos e S\u00e3o Francisco do Itabapoana se ela n\u00e3o for consultada.<\/p>\n<p style=\"text-align: justify;\">Tomara que as crian\u00e7as n\u00e3o fiquem sem merenda. Pela turma que estava hoje na licita\u00e7\u00e3o eu acho que nem suco de goiaba, aquele da promo\u00e7\u00e3o, vai sobrar.<\/p>\n<p style=\"text-align: justify;\">Muita gente viva!<\/p>\n<p>Confira \u00e0 \u00edntegra do edital:\u00a0<a href=\"https:\/\/drive.google.com\/file\/d\/1_uBEzOz6wH6-u_k8BQA2gFNHzRgZlj13\/view\" target=\"_blank\" rel=\"noopener\">alimenta\u00e7\u00e3o escolar<\/a><\/p>\n","protected":false},"excerpt":{"rendered":"<p>Depois da emerg\u00eancia na ilumina\u00e7\u00e3o publica, vem ai a emerg\u00eancia na merenda. \u00c9 que, o edital como foi confeccionado, abriu&#8230;<\/p>\n","protected":false},"author":2,"featured_media":252,"comment_status":"open","ping_status":"open","sticky":false,"template":"","format":"standard","meta":{"colormag_page_container_layout":"default_layout","colormag_page_sidebar_layout":"default_layout","jetpack_post_was_ever_published":false,"_jetpack_newsletter_access":"","_jetpack_dont_email_post_to_subs":false,"_jetpack_newsletter_tier_id":0,"_jetpack_memberships_contains_paywalled_content":false,"_jetpack_memberships_contains_paid_content":false,"footnotes":""},"categories":[2],"tags":[],"class_list":["post-269","post","type-post","status-publish","format-standard","has-post-thumbnail","hentry","category-politica"],"jetpack_featured_media_url":"https:\/\/www.tribunanf.com.br\/blogdoralfereis\/wp-content\/uploads\/sites\/11\/2018\/06\/rafael-diniz-educa\u00e7ao-C\u00f3pia.jpg","jetpack_sharing_enabled":true,"_links":{"self":[{"href":"https:\/\/www.tribunanf.com.br\/blogdoralfereis\/wp-json\/wp\/v2\/posts\/269","targetHints":{"allow":["GET"]}}],"collection":[{"href":"https:\/\/www.tribunanf.com.br\/blogdoralfereis\/wp-json\/wp\/v2\/posts"}],"about":[{"href":"https:\/\/www.tribunanf.com.br\/blogdoralfereis\/wp-json\/wp\/v2\/types\/post"}],"author":[{"embeddable":true,"href":"https:\/\/www.tribunanf.com.br\/blogdoralfereis\/wp-json\/wp\/v2\/users\/2"}],"replies":[{"embeddable":true,"href":"https:\/\/www.tribunanf.com.br\/blogdoralfereis\/wp-json\/wp\/v2\/comments?post=269"}],"version-history":[{"count":0,"href":"https:\/\/www.tribunanf.com.br\/blogdoralfereis\/wp-json\/wp\/v2\/posts\/269\/revisions"}],"wp:featuredmedia":[{"embeddable":true,"href":"https:\/\/www.tribunanf.com.br\/blogdoralfereis\/wp-json\/wp\/v2\/media\/252"}],"wp:attachment":[{"href":"https:\/\/www.tribunanf.com.br\/blogdoralfereis\/wp-json\/wp\/v2\/media?parent=269"}],"wp:term":[{"taxonomy":"category","embeddable":true,"href":"https:\/\/www.tribunanf.com.br\/blogdoralfereis\/wp-json\/wp\/v2\/categories?post=269"},{"taxonomy":"post_tag","embeddable":true,"href":"https:\/\/www.tribunanf.com.br\/blogdoralfereis\/wp-json\/wp\/v2\/tags?post=269"}],"curies":[{"name":"wp","href":"https:\/\/api.w.org\/{rel}","templated":true}]}}