{"id":2669,"date":"2019-09-13T22:11:30","date_gmt":"2019-09-14T01:11:30","guid":{"rendered":"http:\/\/www.tribunanf.com.br\/blogdoralfereis\/?p=2669"},"modified":"2019-09-13T22:11:30","modified_gmt":"2019-09-14T01:11:30","slug":"psl-de-bolsonaro-deixa-o-governo-witzel","status":"publish","type":"post","link":"https:\/\/www.tribunanf.com.br\/blogdoralfereis\/2019\/09\/13\/psl-de-bolsonaro-deixa-o-governo-witzel\/","title":{"rendered":"PSL de Bolsonaro deixa o governo Witzel"},"content":{"rendered":"<p><img loading=\"lazy\" decoding=\"async\" class=\"aligncenter size-full wp-image-1041\" src=\"http:\/\/www.tribunanf.com.br\/blogdoralfereis\/wp-content\/uploads\/sites\/11\/2018\/10\/bolsonaro.jpg\" alt=\"\" width=\"750\" height=\"469\" srcset=\"https:\/\/www.tribunanf.com.br\/blogdoralfereis\/wp-content\/uploads\/sites\/11\/2018\/10\/bolsonaro.jpg 750w, https:\/\/www.tribunanf.com.br\/blogdoralfereis\/wp-content\/uploads\/sites\/11\/2018\/10\/bolsonaro-300x188.jpg 300w\" sizes=\"auto, (max-width: 750px) 100vw, 750px\" \/><\/p>\n<p style=\"text-align: justify;\">O PSL na Assembleia Legislativa se re\u00fane, nesta segunda-feira, para cumprir a ordem vinda de Bras\u00edlia: romper com o governo Wilson Witzel (PSC) \u2014 e passar para a oposi\u00e7\u00e3o.<\/p>\n<p style=\"text-align: justify;\">A decis\u00e3o partid\u00e1ria j\u00e1 foi comunicada aos integrantes do partido pelo senador e presidente do PSL estadual, Fl\u00e1vio Bolsonaro.<\/p>\n<p style=\"text-align: justify;\">O pote j\u00e1 estava cheio, mas a gota final foi a entrevista do governador \u00e0 jornalista Andr\u00e9a Sadi, da \u201cGlobonews\u201d, na \u00faltima quarta-feira.<\/p>\n<p style=\"text-align: justify;\">Entre outras coisas, Witzel disse ter sido eleito pelo que \u00e9, por sua hist\u00f3ria, e \u201cn\u00e3o pelo apoio de Bolsonaro\u201d. E confirmou ser candidato \u00e0 presid\u00eancia da Rep\u00fablica.<\/p>\n<p style=\"text-align: justify;\">A postura do governador foi considerada uma grave trai\u00e7\u00e3o.<\/p>\n<p style=\"text-align: justify;\">Fonte: Coluna Extra, Extra<\/p>\n","protected":false},"excerpt":{"rendered":"<p>O PSL na Assembleia Legislativa se re\u00fane, nesta segunda-feira, para cumprir a ordem vinda de Bras\u00edlia: romper com o governo&#8230;<\/p>\n","protected":false},"author":2,"featured_media":1041,"comment_status":"open","ping_status":"open","sticky":false,"template":"","format":"standard","meta":{"colormag_page_container_layout":"default_layout","colormag_page_sidebar_layout":"default_layout","jetpack_post_was_ever_published":false,"_jetpack_newsletter_access":"","_jetpack_dont_email_post_to_subs":false,"_jetpack_newsletter_tier_id":0,"_jetpack_memberships_contains_paywalled_content":false,"_jetpack_memberships_contains_paid_content":false,"footnotes":""},"categories":[2],"tags":[],"class_list":["post-2669","post","type-post","status-publish","format-standard","has-post-thumbnail","hentry","category-politica"],"jetpack_featured_media_url":"https:\/\/www.tribunanf.com.br\/blogdoralfereis\/wp-content\/uploads\/sites\/11\/2018\/10\/bolsonaro.jpg","jetpack_sharing_enabled":true,"_links":{"self":[{"href":"https:\/\/www.tribunanf.com.br\/blogdoralfereis\/wp-json\/wp\/v2\/posts\/2669","targetHints":{"allow":["GET"]}}],"collection":[{"href":"https:\/\/www.tribunanf.com.br\/blogdoralfereis\/wp-json\/wp\/v2\/posts"}],"about":[{"href":"https:\/\/www.tribunanf.com.br\/blogdoralfereis\/wp-json\/wp\/v2\/types\/post"}],"author":[{"embeddable":true,"href":"https:\/\/www.tribunanf.com.br\/blogdoralfereis\/wp-json\/wp\/v2\/users\/2"}],"replies":[{"embeddable":true,"href":"https:\/\/www.tribunanf.com.br\/blogdoralfereis\/wp-json\/wp\/v2\/comments?post=2669"}],"version-history":[{"count":0,"href":"https:\/\/www.tribunanf.com.br\/blogdoralfereis\/wp-json\/wp\/v2\/posts\/2669\/revisions"}],"wp:featuredmedia":[{"embeddable":true,"href":"https:\/\/www.tribunanf.com.br\/blogdoralfereis\/wp-json\/wp\/v2\/media\/1041"}],"wp:attachment":[{"href":"https:\/\/www.tribunanf.com.br\/blogdoralfereis\/wp-json\/wp\/v2\/media?parent=2669"}],"wp:term":[{"taxonomy":"category","embeddable":true,"href":"https:\/\/www.tribunanf.com.br\/blogdoralfereis\/wp-json\/wp\/v2\/categories?post=2669"},{"taxonomy":"post_tag","embeddable":true,"href":"https:\/\/www.tribunanf.com.br\/blogdoralfereis\/wp-json\/wp\/v2\/tags?post=2669"}],"curies":[{"name":"wp","href":"https:\/\/api.w.org\/{rel}","templated":true}]}}