{"id":2665,"date":"2019-09-12T20:50:10","date_gmt":"2019-09-12T23:50:10","guid":{"rendered":"http:\/\/www.tribunanf.com.br\/blogdoralfereis\/?p=2665"},"modified":"2019-09-12T20:50:10","modified_gmt":"2019-09-12T23:50:10","slug":"deputados-quase-saem-na-mao-em-sessao-na-alerj","status":"publish","type":"post","link":"https:\/\/www.tribunanf.com.br\/blogdoralfereis\/2019\/09\/12\/deputados-quase-saem-na-mao-em-sessao-na-alerj\/","title":{"rendered":"Deputados quase saem na m\u00e3o em sess\u00e3o na Alerj"},"content":{"rendered":"<p><img loading=\"lazy\" decoding=\"async\" class=\"aligncenter size-full wp-image-2666\" src=\"http:\/\/www.tribunanf.com.br\/blogdoralfereis\/wp-content\/uploads\/sites\/11\/2019\/09\/xo-octogono-da-assembleia-legislativa.jpg.pagespeed.ic_.8DJZ1ehRIC.jpg\" alt=\"\" width=\"640\" height=\"360\" srcset=\"https:\/\/www.tribunanf.com.br\/blogdoralfereis\/wp-content\/uploads\/sites\/11\/2019\/09\/xo-octogono-da-assembleia-legislativa.jpg.pagespeed.ic_.8DJZ1ehRIC.jpg 640w, https:\/\/www.tribunanf.com.br\/blogdoralfereis\/wp-content\/uploads\/sites\/11\/2019\/09\/xo-octogono-da-assembleia-legislativa.jpg.pagespeed.ic_.8DJZ1ehRIC-300x169.jpg 300w\" sizes=\"auto, (max-width: 640px) 100vw, 640px\" \/><\/p>\n<p style=\"text-align: justify;\">O presidente da Assembleia Legislativa, Andr\u00e9 Ceciliano (PT), convocou, para ter\u00e7a-feira, uma reuni\u00e3o com o corregedor, Jorge Felippe Neto (PSD), e o Conselho de \u00c9tica, presidido por Martha Rocha (PDT).<\/p>\n<p style=\"text-align: justify;\">Na pauta, o oct\u00f3gono em que se transformou o plen\u00e1rio do Pal\u00e1cio Tiradentes.<\/p>\n<p style=\"text-align: justify;\">Na quarta-feira (11), pela terceira vez nesta legislatura, foi necess\u00e1ria a interven\u00e7\u00e3o de deputados, ou de seguran\u00e7as da Casa, para que dois parlamentares n\u00e3o sa\u00edssem na m\u00e3o diante das galerias e das c\u00e2meras da TV Alerj.<\/p>\n<p style=\"text-align: justify;\">Os guardi\u00f5es da ordem foram chamados quando um mal entendido culminou com dedos em riste \u2014 e disposi\u00e7\u00e3o para passar disso \u2014 entre Alexandre Knoploch (PSL), de 33 anos, e Eliomar Coelho (PSOL), de 78.<\/p>\n<p style=\"text-align: justify;\">Knoploch, ali\u00e1s, \u00e9 reincidente: em outra ocasi\u00e3o, chegou a quase trocar sopapos com o colega Bruno Dauaire (PSC).<\/p>\n<p style=\"text-align: justify;\">Nas duas pontas<\/p>\n<p style=\"text-align: justify;\">Desde fevereiro, a mesa diretora j\u00e1 recebeu seis representa\u00e7\u00f5es de deputados contra deputados. Em geral, s\u00e3o den\u00fancias do ultradireitista PSL contra o esquerdista PSOL \u2014 e vice-versa.<\/p>\n<p style=\"text-align: justify;\">Fonte; Coluna Extra, Extra<\/p>\n","protected":false},"excerpt":{"rendered":"<p>O presidente da Assembleia Legislativa, Andr\u00e9 Ceciliano (PT), convocou, para ter\u00e7a-feira, uma reuni\u00e3o com o corregedor, Jorge Felippe Neto (PSD),&#8230;<\/p>\n","protected":false},"author":2,"featured_media":2666,"comment_status":"open","ping_status":"open","sticky":false,"template":"","format":"standard","meta":{"colormag_page_container_layout":"default_layout","colormag_page_sidebar_layout":"default_layout","jetpack_post_was_ever_published":false,"_jetpack_newsletter_access":"","_jetpack_dont_email_post_to_subs":false,"_jetpack_newsletter_tier_id":0,"_jetpack_memberships_contains_paywalled_content":false,"_jetpack_memberships_contains_paid_content":false,"footnotes":""},"categories":[2],"tags":[],"class_list":["post-2665","post","type-post","status-publish","format-standard","has-post-thumbnail","hentry","category-politica"],"jetpack_featured_media_url":"https:\/\/www.tribunanf.com.br\/blogdoralfereis\/wp-content\/uploads\/sites\/11\/2019\/09\/xo-octogono-da-assembleia-legislativa.jpg.pagespeed.ic_.8DJZ1ehRIC.jpg","jetpack_sharing_enabled":true,"_links":{"self":[{"href":"https:\/\/www.tribunanf.com.br\/blogdoralfereis\/wp-json\/wp\/v2\/posts\/2665","targetHints":{"allow":["GET"]}}],"collection":[{"href":"https:\/\/www.tribunanf.com.br\/blogdoralfereis\/wp-json\/wp\/v2\/posts"}],"about":[{"href":"https:\/\/www.tribunanf.com.br\/blogdoralfereis\/wp-json\/wp\/v2\/types\/post"}],"author":[{"embeddable":true,"href":"https:\/\/www.tribunanf.com.br\/blogdoralfereis\/wp-json\/wp\/v2\/users\/2"}],"replies":[{"embeddable":true,"href":"https:\/\/www.tribunanf.com.br\/blogdoralfereis\/wp-json\/wp\/v2\/comments?post=2665"}],"version-history":[{"count":0,"href":"https:\/\/www.tribunanf.com.br\/blogdoralfereis\/wp-json\/wp\/v2\/posts\/2665\/revisions"}],"wp:featuredmedia":[{"embeddable":true,"href":"https:\/\/www.tribunanf.com.br\/blogdoralfereis\/wp-json\/wp\/v2\/media\/2666"}],"wp:attachment":[{"href":"https:\/\/www.tribunanf.com.br\/blogdoralfereis\/wp-json\/wp\/v2\/media?parent=2665"}],"wp:term":[{"taxonomy":"category","embeddable":true,"href":"https:\/\/www.tribunanf.com.br\/blogdoralfereis\/wp-json\/wp\/v2\/categories?post=2665"},{"taxonomy":"post_tag","embeddable":true,"href":"https:\/\/www.tribunanf.com.br\/blogdoralfereis\/wp-json\/wp\/v2\/tags?post=2665"}],"curies":[{"name":"wp","href":"https:\/\/api.w.org\/{rel}","templated":true}]}}