{"id":2662,"date":"2019-09-11T15:29:43","date_gmt":"2019-09-11T18:29:43","guid":{"rendered":"http:\/\/www.tribunanf.com.br\/blogdoralfereis\/?p=2662"},"modified":"2019-09-11T15:29:43","modified_gmt":"2019-09-11T18:29:43","slug":"prefeitura-paga-das-na-sexta-feira-13-rpas-seguem-sem-previsao","status":"publish","type":"post","link":"https:\/\/www.tribunanf.com.br\/blogdoralfereis\/2019\/09\/11\/prefeitura-paga-das-na-sexta-feira-13-rpas-seguem-sem-previsao\/","title":{"rendered":"Prefeitura paga DAS na sexta-feira (13); RPAs seguem sem previs\u00e3o"},"content":{"rendered":"<p><img loading=\"lazy\" decoding=\"async\" class=\"aligncenter size-full wp-image-638\" src=\"http:\/\/www.tribunanf.com.br\/blogdoralfereis\/wp-content\/uploads\/sites\/11\/2018\/08\/campos.jpg\" alt=\"\" width=\"735\" height=\"490\" srcset=\"https:\/\/www.tribunanf.com.br\/blogdoralfereis\/wp-content\/uploads\/sites\/11\/2018\/08\/campos.jpg 735w, https:\/\/www.tribunanf.com.br\/blogdoralfereis\/wp-content\/uploads\/sites\/11\/2018\/08\/campos-300x200.jpg 300w\" sizes=\"auto, (max-width: 735px) 100vw, 735px\" \/><\/p>\n<p style=\"text-align: justify;\">A Prefeitura de Campos emitiu nota informando que vai pagar os cargos comissionados, denominados DAS, na pr\u00f3xima sexta-feira (13). J\u00e1 os contratados por RPA seguem sem previs\u00e3o.<\/p>\n<p style=\"text-align: justify;\">Confira a nota:<\/p>\n<p style=\"text-align: justify;\">&#8220;A Prefeitura de Campos vai pagar na pr\u00f3xima sexta-feira (13) a folha salarial do m\u00eas de julho dos cargos comissionados, que j\u00e1 estava em atraso.<\/p>\n<p style=\"text-align: justify;\">A Secretaria Municipal de Fazenda est\u00e1 fazendo todos os esfor\u00e7os necess\u00e1rios para, dentro das disponibilidades financeiras, viabilizar tamb\u00e9m o pagamento de agosto aos prestadores de servi\u00e7o por Recibo de Pagamento Aut\u00f4nomo (RPA) e DAS. Os servidores estatut\u00e1rios ativos, aposentados e pensionistas receberam normalmente seus vencimentos nos dias 29 e 30 de agosto.<\/p>\n<p style=\"text-align: justify;\">Entre os meses de janeiro e agosto deste ano, Campos recebeu R$ 112 milh\u00f5es a menos em royalties e participa\u00e7\u00f5es especiais que no mesmo per\u00edodo no ano passado, o que obrigou o poder p\u00fablico a adotar novas medidas de austeridade, al\u00e9m das que s\u00e3o adotadas desde 2017.<\/p>\n<p style=\"text-align: justify;\">O poder p\u00fablico tamb\u00e9m vem adotando diversas medidas para o aumento da receita pr\u00f3pria, com o objetivo de diminuir a depend\u00eancia dos royalties. Entre estas medidas est\u00e3o o maior apoio aos setores produtivos e o incentivo \u00e0 agricultura, inova\u00e7\u00e3o, empreendedorismo e economia solid\u00e1ria.&#8221;<\/p>\n","protected":false},"excerpt":{"rendered":"<p>A Prefeitura de Campos emitiu nota informando que vai pagar os cargos comissionados, denominados DAS, na pr\u00f3xima sexta-feira (13). J\u00e1&#8230;<\/p>\n","protected":false},"author":2,"featured_media":638,"comment_status":"open","ping_status":"open","sticky":false,"template":"","format":"standard","meta":{"colormag_page_container_layout":"default_layout","colormag_page_sidebar_layout":"default_layout","jetpack_post_was_ever_published":false,"_jetpack_newsletter_access":"","_jetpack_dont_email_post_to_subs":false,"_jetpack_newsletter_tier_id":0,"_jetpack_memberships_contains_paywalled_content":false,"_jetpack_memberships_contains_paid_content":false,"footnotes":""},"categories":[7],"tags":[],"class_list":["post-2662","post","type-post","status-publish","format-standard","has-post-thumbnail","hentry","category-economia"],"jetpack_featured_media_url":"https:\/\/www.tribunanf.com.br\/blogdoralfereis\/wp-content\/uploads\/sites\/11\/2018\/08\/campos.jpg","jetpack_sharing_enabled":true,"_links":{"self":[{"href":"https:\/\/www.tribunanf.com.br\/blogdoralfereis\/wp-json\/wp\/v2\/posts\/2662","targetHints":{"allow":["GET"]}}],"collection":[{"href":"https:\/\/www.tribunanf.com.br\/blogdoralfereis\/wp-json\/wp\/v2\/posts"}],"about":[{"href":"https:\/\/www.tribunanf.com.br\/blogdoralfereis\/wp-json\/wp\/v2\/types\/post"}],"author":[{"embeddable":true,"href":"https:\/\/www.tribunanf.com.br\/blogdoralfereis\/wp-json\/wp\/v2\/users\/2"}],"replies":[{"embeddable":true,"href":"https:\/\/www.tribunanf.com.br\/blogdoralfereis\/wp-json\/wp\/v2\/comments?post=2662"}],"version-history":[{"count":0,"href":"https:\/\/www.tribunanf.com.br\/blogdoralfereis\/wp-json\/wp\/v2\/posts\/2662\/revisions"}],"wp:featuredmedia":[{"embeddable":true,"href":"https:\/\/www.tribunanf.com.br\/blogdoralfereis\/wp-json\/wp\/v2\/media\/638"}],"wp:attachment":[{"href":"https:\/\/www.tribunanf.com.br\/blogdoralfereis\/wp-json\/wp\/v2\/media?parent=2662"}],"wp:term":[{"taxonomy":"category","embeddable":true,"href":"https:\/\/www.tribunanf.com.br\/blogdoralfereis\/wp-json\/wp\/v2\/categories?post=2662"},{"taxonomy":"post_tag","embeddable":true,"href":"https:\/\/www.tribunanf.com.br\/blogdoralfereis\/wp-json\/wp\/v2\/tags?post=2662"}],"curies":[{"name":"wp","href":"https:\/\/api.w.org\/{rel}","templated":true}]}}