{"id":264,"date":"2018-06-20T19:07:21","date_gmt":"2018-06-20T22:07:21","guid":{"rendered":"http:\/\/www.tribunanf.com.br\/blogdoralfereis\/?p=264"},"modified":"2018-06-20T19:07:21","modified_gmt":"2018-06-20T22:07:21","slug":"abinho-ta-podendo","status":"publish","type":"post","link":"https:\/\/www.tribunanf.com.br\/blogdoralfereis\/2018\/06\/20\/abinho-ta-podendo\/","title":{"rendered":"Abinho t\u00e1 podendo"},"content":{"rendered":"<p><img loading=\"lazy\" decoding=\"async\" class=\"aligncenter size-full wp-image-265\" src=\"http:\/\/www.tribunanf.com.br\/blogdoralfereis\/wp-content\/uploads\/sites\/11\/2018\/06\/09cc1d67-44f8-4daa-a2a4-a3a2a4151f57.jpg\" alt=\"\" width=\"720\" height=\"480\" srcset=\"https:\/\/www.tribunanf.com.br\/blogdoralfereis\/wp-content\/uploads\/sites\/11\/2018\/06\/09cc1d67-44f8-4daa-a2a4-a3a2a4151f57.jpg 720w, https:\/\/www.tribunanf.com.br\/blogdoralfereis\/wp-content\/uploads\/sites\/11\/2018\/06\/09cc1d67-44f8-4daa-a2a4-a3a2a4151f57-300x200.jpg 300w\" sizes=\"auto, (max-width: 720px) 100vw, 720px\" \/><\/p>\n<p style=\"text-align: justify;\">Embora \u00e0 prefeitura de Campos dos Goytacazes tenha determinado o retorno da S\u00e3o Salvador as suas linhas, estranhamente a atual dire\u00e7\u00e3o da empresa levou oito carros de sua frota para operar na cidade de Para\u00edba do Sul. A opera\u00e7\u00e3o come\u00e7ou nesta quarta-feira (20).<\/p>\n<p style=\"text-align: justify;\">Tudo seria muito tranquilo e natural se os ve\u00edculos n\u00e3o pertencessem ao Fundecam.<\/p>\n<p style=\"text-align: justify;\">Isso demonstra que o novo diretor da empresa, o Abinho Neme, t\u00e1 podendo.<\/p>\n<p><img loading=\"lazy\" decoding=\"async\" class=\"aligncenter size-full wp-image-266\" src=\"http:\/\/www.tribunanf.com.br\/blogdoralfereis\/wp-content\/uploads\/sites\/11\/2018\/06\/4d5df4e8-d9a1-4043-ab56-dec0de23b8ab.jpg\" alt=\"\" width=\"720\" height=\"480\" srcset=\"https:\/\/www.tribunanf.com.br\/blogdoralfereis\/wp-content\/uploads\/sites\/11\/2018\/06\/4d5df4e8-d9a1-4043-ab56-dec0de23b8ab.jpg 720w, https:\/\/www.tribunanf.com.br\/blogdoralfereis\/wp-content\/uploads\/sites\/11\/2018\/06\/4d5df4e8-d9a1-4043-ab56-dec0de23b8ab-300x200.jpg 300w\" sizes=\"auto, (max-width: 720px) 100vw, 720px\" \/> <img loading=\"lazy\" decoding=\"async\" class=\"aligncenter size-full wp-image-267\" src=\"http:\/\/www.tribunanf.com.br\/blogdoralfereis\/wp-content\/uploads\/sites\/11\/2018\/06\/41b2c884-a113-4d7a-bc75-5725e9a71eab.jpg\" alt=\"\" width=\"720\" height=\"480\" srcset=\"https:\/\/www.tribunanf.com.br\/blogdoralfereis\/wp-content\/uploads\/sites\/11\/2018\/06\/41b2c884-a113-4d7a-bc75-5725e9a71eab.jpg 720w, https:\/\/www.tribunanf.com.br\/blogdoralfereis\/wp-content\/uploads\/sites\/11\/2018\/06\/41b2c884-a113-4d7a-bc75-5725e9a71eab-300x200.jpg 300w\" sizes=\"auto, (max-width: 720px) 100vw, 720px\" \/><\/p>\n","protected":false},"excerpt":{"rendered":"<p>Embora \u00e0 prefeitura de Campos dos Goytacazes tenha determinado o retorno da S\u00e3o Salvador as suas linhas, estranhamente a atual&#8230;<\/p>\n","protected":false},"author":2,"featured_media":265,"comment_status":"open","ping_status":"open","sticky":false,"template":"","format":"standard","meta":{"colormag_page_container_layout":"default_layout","colormag_page_sidebar_layout":"default_layout","jetpack_post_was_ever_published":false,"_jetpack_newsletter_access":"","_jetpack_dont_email_post_to_subs":false,"_jetpack_newsletter_tier_id":0,"_jetpack_memberships_contains_paywalled_content":false,"_jetpack_memberships_contains_paid_content":false,"footnotes":""},"categories":[2],"tags":[],"class_list":["post-264","post","type-post","status-publish","format-standard","has-post-thumbnail","hentry","category-politica"],"jetpack_featured_media_url":"https:\/\/www.tribunanf.com.br\/blogdoralfereis\/wp-content\/uploads\/sites\/11\/2018\/06\/09cc1d67-44f8-4daa-a2a4-a3a2a4151f57.jpg","jetpack_sharing_enabled":true,"_links":{"self":[{"href":"https:\/\/www.tribunanf.com.br\/blogdoralfereis\/wp-json\/wp\/v2\/posts\/264","targetHints":{"allow":["GET"]}}],"collection":[{"href":"https:\/\/www.tribunanf.com.br\/blogdoralfereis\/wp-json\/wp\/v2\/posts"}],"about":[{"href":"https:\/\/www.tribunanf.com.br\/blogdoralfereis\/wp-json\/wp\/v2\/types\/post"}],"author":[{"embeddable":true,"href":"https:\/\/www.tribunanf.com.br\/blogdoralfereis\/wp-json\/wp\/v2\/users\/2"}],"replies":[{"embeddable":true,"href":"https:\/\/www.tribunanf.com.br\/blogdoralfereis\/wp-json\/wp\/v2\/comments?post=264"}],"version-history":[{"count":0,"href":"https:\/\/www.tribunanf.com.br\/blogdoralfereis\/wp-json\/wp\/v2\/posts\/264\/revisions"}],"wp:featuredmedia":[{"embeddable":true,"href":"https:\/\/www.tribunanf.com.br\/blogdoralfereis\/wp-json\/wp\/v2\/media\/265"}],"wp:attachment":[{"href":"https:\/\/www.tribunanf.com.br\/blogdoralfereis\/wp-json\/wp\/v2\/media?parent=264"}],"wp:term":[{"taxonomy":"category","embeddable":true,"href":"https:\/\/www.tribunanf.com.br\/blogdoralfereis\/wp-json\/wp\/v2\/categories?post=264"},{"taxonomy":"post_tag","embeddable":true,"href":"https:\/\/www.tribunanf.com.br\/blogdoralfereis\/wp-json\/wp\/v2\/tags?post=264"}],"curies":[{"name":"wp","href":"https:\/\/api.w.org\/{rel}","templated":true}]}}