{"id":261,"date":"2018-06-20T16:31:52","date_gmt":"2018-06-20T19:31:52","guid":{"rendered":"http:\/\/www.tribunanf.com.br\/blogdoralfereis\/?p=261"},"modified":"2018-06-20T16:31:52","modified_gmt":"2018-06-20T19:31:52","slug":"paes-deve-ganhar-o-apoio-do-mdb-do-rio","status":"publish","type":"post","link":"https:\/\/www.tribunanf.com.br\/blogdoralfereis\/2018\/06\/20\/paes-deve-ganhar-o-apoio-do-mdb-do-rio\/","title":{"rendered":"Paes deve ganhar o apoio do MDB do Rio"},"content":{"rendered":"<p><img loading=\"lazy\" decoding=\"async\" class=\"aligncenter size-full wp-image-262\" src=\"http:\/\/www.tribunanf.com.br\/blogdoralfereis\/wp-content\/uploads\/sites\/11\/2018\/06\/paes-picciani.jpg\" alt=\"\" width=\"699\" height=\"420\" srcset=\"https:\/\/www.tribunanf.com.br\/blogdoralfereis\/wp-content\/uploads\/sites\/11\/2018\/06\/paes-picciani.jpg 699w, https:\/\/www.tribunanf.com.br\/blogdoralfereis\/wp-content\/uploads\/sites\/11\/2018\/06\/paes-picciani-300x180.jpg 300w\" sizes=\"auto, (max-width: 699px) 100vw, 699px\" \/><\/p>\n<p style=\"text-align: justify;\">Pr\u00e9-candidato ao governo do Rio de Janeiro, o ex-prefeito Eduardo Paes, que trocou o MDB pelo DEM para tentar se livrar do desgaste provocado pelo trio S\u00e9rgio Cabral, Eduardo Cunha e Jorge Picciani, deve ganhar o apoio do\u2026 MDB, ora.<\/p>\n<p style=\"text-align: justify;\">Em se confirmando a alian\u00e7a tamb\u00e9m com o PP, Paes tende a largar com o maior tempo de televis\u00e3o e uma fatia generosa do fundo partid\u00e1rio.<\/p>\n<p style=\"text-align: justify;\">\u00c9 preciso saber se os eleitores v\u00e3o levar em conta as p\u00e9ssimas obras do BRT e a ciclovia que desabou na gest\u00e3o dele e, principalmente, o fato de que Paes \u00e9 cria do MDB.<\/p>\n<p>Fonte: O Antagonista<\/p>\n","protected":false},"excerpt":{"rendered":"<p>Pr\u00e9-candidato ao governo do Rio de Janeiro, o ex-prefeito Eduardo Paes, que trocou o MDB pelo DEM para tentar se&#8230;<\/p>\n","protected":false},"author":2,"featured_media":262,"comment_status":"open","ping_status":"open","sticky":false,"template":"","format":"standard","meta":{"colormag_page_container_layout":"default_layout","colormag_page_sidebar_layout":"default_layout","jetpack_post_was_ever_published":false,"_jetpack_newsletter_access":"","_jetpack_dont_email_post_to_subs":false,"_jetpack_newsletter_tier_id":0,"_jetpack_memberships_contains_paywalled_content":false,"_jetpack_memberships_contains_paid_content":false,"footnotes":""},"categories":[2],"tags":[],"class_list":["post-261","post","type-post","status-publish","format-standard","has-post-thumbnail","hentry","category-politica"],"jetpack_featured_media_url":"https:\/\/www.tribunanf.com.br\/blogdoralfereis\/wp-content\/uploads\/sites\/11\/2018\/06\/paes-picciani.jpg","jetpack_sharing_enabled":true,"_links":{"self":[{"href":"https:\/\/www.tribunanf.com.br\/blogdoralfereis\/wp-json\/wp\/v2\/posts\/261","targetHints":{"allow":["GET"]}}],"collection":[{"href":"https:\/\/www.tribunanf.com.br\/blogdoralfereis\/wp-json\/wp\/v2\/posts"}],"about":[{"href":"https:\/\/www.tribunanf.com.br\/blogdoralfereis\/wp-json\/wp\/v2\/types\/post"}],"author":[{"embeddable":true,"href":"https:\/\/www.tribunanf.com.br\/blogdoralfereis\/wp-json\/wp\/v2\/users\/2"}],"replies":[{"embeddable":true,"href":"https:\/\/www.tribunanf.com.br\/blogdoralfereis\/wp-json\/wp\/v2\/comments?post=261"}],"version-history":[{"count":0,"href":"https:\/\/www.tribunanf.com.br\/blogdoralfereis\/wp-json\/wp\/v2\/posts\/261\/revisions"}],"wp:featuredmedia":[{"embeddable":true,"href":"https:\/\/www.tribunanf.com.br\/blogdoralfereis\/wp-json\/wp\/v2\/media\/262"}],"wp:attachment":[{"href":"https:\/\/www.tribunanf.com.br\/blogdoralfereis\/wp-json\/wp\/v2\/media?parent=261"}],"wp:term":[{"taxonomy":"category","embeddable":true,"href":"https:\/\/www.tribunanf.com.br\/blogdoralfereis\/wp-json\/wp\/v2\/categories?post=261"},{"taxonomy":"post_tag","embeddable":true,"href":"https:\/\/www.tribunanf.com.br\/blogdoralfereis\/wp-json\/wp\/v2\/tags?post=261"}],"curies":[{"name":"wp","href":"https:\/\/api.w.org\/{rel}","templated":true}]}}