{"id":258,"date":"2018-06-20T08:34:53","date_gmt":"2018-06-20T11:34:53","guid":{"rendered":"http:\/\/www.tribunanf.com.br\/blogdoralfereis\/?p=258"},"modified":"2018-06-20T08:34:53","modified_gmt":"2018-06-20T11:34:53","slug":"camara-de-campos-convoca-renatinho-do-eldorado-para-tomar-posse","status":"publish","type":"post","link":"https:\/\/www.tribunanf.com.br\/blogdoralfereis\/2018\/06\/20\/camara-de-campos-convoca-renatinho-do-eldorado-para-tomar-posse\/","title":{"rendered":"C\u00e2mara de Campos convoca Renatinho do Eldorado para tomar posse"},"content":{"rendered":"<p><img loading=\"lazy\" decoding=\"async\" class=\"aligncenter size-full wp-image-236\" src=\"http:\/\/www.tribunanf.com.br\/blogdoralfereis\/wp-content\/uploads\/sites\/11\/2018\/06\/renatinho-do-eldorado-c.jpg\" alt=\"\" width=\"645\" height=\"338\" srcset=\"https:\/\/www.tribunanf.com.br\/blogdoralfereis\/wp-content\/uploads\/sites\/11\/2018\/06\/renatinho-do-eldorado-c.jpg 645w, https:\/\/www.tribunanf.com.br\/blogdoralfereis\/wp-content\/uploads\/sites\/11\/2018\/06\/renatinho-do-eldorado-c-300x157.jpg 300w, https:\/\/www.tribunanf.com.br\/blogdoralfereis\/wp-content\/uploads\/sites\/11\/2018\/06\/renatinho-do-eldorado-c-390x205.jpg 390w\" sizes=\"auto, (max-width: 645px) 100vw, 645px\" \/><\/p>\n<p style=\"text-align: justify;\">Ap\u00f3s o blog informar no \u00faltimo domingo que o presidente da C\u00e2mara de Campos Marc\u00e3o Gomes foi acionado na justi\u00e7a para dar posse ao suplente de vereador Renatinho do Eldorado (PTC), a mesa diretora do legislativo publicou no Di\u00e1rio Oficial desta quarta-feira (20) a convoca\u00e7\u00e3o do mesmo. Marc\u00e3o n\u00e3o chegou a ser notificado oficialmente por n\u00e3o ter sido encontrado na C\u00e2mara pelo oficial de justi\u00e7a.<\/p>\n<p style=\"text-align: justify;\"><a href=\"http:\/\/www.tribunanf.com.br\/blogdoralfereis\/2018\/06\/17\/renatinho-do-eldorado-impetra-mandado-de-seguranca-para-assumir-vaga-na-camara-de-campos\/\"><strong>*Renatinho do Eldorado impetra mandado de seguran\u00e7a para assumir vaga na C\u00e2mara de Campos<\/strong><\/a><\/p>\n<p style=\"text-align: justify;\">Renatinho assume a vaga deixada por Roberto Pinto, que foi afastado por condena\u00e7\u00e3o em segunda inst\u00e2ncia.<\/p>\n<p><img loading=\"lazy\" decoding=\"async\" class=\"aligncenter size-full wp-image-259\" src=\"http:\/\/www.tribunanf.com.br\/blogdoralfereis\/wp-content\/uploads\/sites\/11\/2018\/06\/renatinho.png\" alt=\"\" width=\"431\" height=\"506\" srcset=\"https:\/\/www.tribunanf.com.br\/blogdoralfereis\/wp-content\/uploads\/sites\/11\/2018\/06\/renatinho.png 431w, https:\/\/www.tribunanf.com.br\/blogdoralfereis\/wp-content\/uploads\/sites\/11\/2018\/06\/renatinho-256x300.png 256w\" sizes=\"auto, (max-width: 431px) 100vw, 431px\" \/><\/p>\n","protected":false},"excerpt":{"rendered":"<p>Ap\u00f3s o blog informar no \u00faltimo domingo que o presidente da C\u00e2mara de Campos Marc\u00e3o Gomes foi acionado na justi\u00e7a&#8230;<\/p>\n","protected":false},"author":2,"featured_media":236,"comment_status":"open","ping_status":"open","sticky":false,"template":"","format":"standard","meta":{"colormag_page_container_layout":"default_layout","colormag_page_sidebar_layout":"default_layout","jetpack_post_was_ever_published":false,"_jetpack_newsletter_access":"","_jetpack_dont_email_post_to_subs":false,"_jetpack_newsletter_tier_id":0,"_jetpack_memberships_contains_paywalled_content":false,"_jetpack_memberships_contains_paid_content":false,"footnotes":""},"categories":[2],"tags":[],"class_list":["post-258","post","type-post","status-publish","format-standard","has-post-thumbnail","hentry","category-politica"],"jetpack_featured_media_url":"https:\/\/www.tribunanf.com.br\/blogdoralfereis\/wp-content\/uploads\/sites\/11\/2018\/06\/renatinho-do-eldorado-c.jpg","jetpack_sharing_enabled":true,"_links":{"self":[{"href":"https:\/\/www.tribunanf.com.br\/blogdoralfereis\/wp-json\/wp\/v2\/posts\/258","targetHints":{"allow":["GET"]}}],"collection":[{"href":"https:\/\/www.tribunanf.com.br\/blogdoralfereis\/wp-json\/wp\/v2\/posts"}],"about":[{"href":"https:\/\/www.tribunanf.com.br\/blogdoralfereis\/wp-json\/wp\/v2\/types\/post"}],"author":[{"embeddable":true,"href":"https:\/\/www.tribunanf.com.br\/blogdoralfereis\/wp-json\/wp\/v2\/users\/2"}],"replies":[{"embeddable":true,"href":"https:\/\/www.tribunanf.com.br\/blogdoralfereis\/wp-json\/wp\/v2\/comments?post=258"}],"version-history":[{"count":0,"href":"https:\/\/www.tribunanf.com.br\/blogdoralfereis\/wp-json\/wp\/v2\/posts\/258\/revisions"}],"wp:featuredmedia":[{"embeddable":true,"href":"https:\/\/www.tribunanf.com.br\/blogdoralfereis\/wp-json\/wp\/v2\/media\/236"}],"wp:attachment":[{"href":"https:\/\/www.tribunanf.com.br\/blogdoralfereis\/wp-json\/wp\/v2\/media?parent=258"}],"wp:term":[{"taxonomy":"category","embeddable":true,"href":"https:\/\/www.tribunanf.com.br\/blogdoralfereis\/wp-json\/wp\/v2\/categories?post=258"},{"taxonomy":"post_tag","embeddable":true,"href":"https:\/\/www.tribunanf.com.br\/blogdoralfereis\/wp-json\/wp\/v2\/tags?post=258"}],"curies":[{"name":"wp","href":"https:\/\/api.w.org\/{rel}","templated":true}]}}