{"id":2534,"date":"2019-08-20T21:00:27","date_gmt":"2019-08-21T00:00:27","guid":{"rendered":"http:\/\/www.tribunanf.com.br\/blogdoralfereis\/?p=2534"},"modified":"2019-08-20T21:00:27","modified_gmt":"2019-08-21T00:00:27","slug":"vereadores-aprovam-audiencia-com-abdu-para-discutir-situacao-da-saude","status":"publish","type":"post","link":"https:\/\/www.tribunanf.com.br\/blogdoralfereis\/2019\/08\/20\/vereadores-aprovam-audiencia-com-abdu-para-discutir-situacao-da-saude\/","title":{"rendered":"Vereadores aprovam audi\u00eancia com Abdu para discutir situa\u00e7\u00e3o da Sa\u00fade"},"content":{"rendered":"<p><img loading=\"lazy\" decoding=\"async\" class=\"aligncenter size-full wp-image-536\" src=\"http:\/\/www.tribunanf.com.br\/blogdoralfereis\/wp-content\/uploads\/sites\/11\/2018\/07\/Abdu-Neme.jpg\" alt=\"\" width=\"900\" height=\"600\" srcset=\"https:\/\/www.tribunanf.com.br\/blogdoralfereis\/wp-content\/uploads\/sites\/11\/2018\/07\/Abdu-Neme.jpg 900w, https:\/\/www.tribunanf.com.br\/blogdoralfereis\/wp-content\/uploads\/sites\/11\/2018\/07\/Abdu-Neme-300x200.jpg 300w, https:\/\/www.tribunanf.com.br\/blogdoralfereis\/wp-content\/uploads\/sites\/11\/2018\/07\/Abdu-Neme-768x512.jpg 768w\" sizes=\"auto, (max-width: 900px) 100vw, 900px\" \/><\/p>\n<p style=\"text-align: justify;\">A C\u00e2mara de Campos aprovou, na noite desta ter\u00e7a-feira (20), por maioria, a convoca\u00e7\u00e3o de uma audi\u00eancia p\u00fablica com o secret\u00e1rio e vereador licenciado, Abdu Neme (PR), para discutir a situa\u00e7\u00e3o da Sa\u00fade no munic\u00edpio.<\/p>\n<p style=\"text-align: justify;\">A data ainda ser\u00e1 definida com o presidente da Casa, Fred Machado (Cidadania).<\/p>\n<p style=\"text-align: justify;\">O clima esquentou durante a vota\u00e7\u00e3o, onde at\u00e9 vereadores da base elencaram v\u00e1rios problemas na sa\u00fade.<\/p>\n","protected":false},"excerpt":{"rendered":"<p>A C\u00e2mara de Campos aprovou, na noite desta ter\u00e7a-feira (20), por maioria, a convoca\u00e7\u00e3o de uma audi\u00eancia p\u00fablica com o&#8230;<\/p>\n","protected":false},"author":2,"featured_media":536,"comment_status":"open","ping_status":"open","sticky":false,"template":"","format":"standard","meta":{"colormag_page_container_layout":"default_layout","colormag_page_sidebar_layout":"default_layout","jetpack_post_was_ever_published":false,"_jetpack_newsletter_access":"","_jetpack_dont_email_post_to_subs":false,"_jetpack_newsletter_tier_id":0,"_jetpack_memberships_contains_paywalled_content":false,"_jetpack_memberships_contains_paid_content":false,"footnotes":""},"categories":[2],"tags":[],"class_list":["post-2534","post","type-post","status-publish","format-standard","has-post-thumbnail","hentry","category-politica"],"jetpack_featured_media_url":"https:\/\/www.tribunanf.com.br\/blogdoralfereis\/wp-content\/uploads\/sites\/11\/2018\/07\/Abdu-Neme.jpg","jetpack_sharing_enabled":true,"_links":{"self":[{"href":"https:\/\/www.tribunanf.com.br\/blogdoralfereis\/wp-json\/wp\/v2\/posts\/2534","targetHints":{"allow":["GET"]}}],"collection":[{"href":"https:\/\/www.tribunanf.com.br\/blogdoralfereis\/wp-json\/wp\/v2\/posts"}],"about":[{"href":"https:\/\/www.tribunanf.com.br\/blogdoralfereis\/wp-json\/wp\/v2\/types\/post"}],"author":[{"embeddable":true,"href":"https:\/\/www.tribunanf.com.br\/blogdoralfereis\/wp-json\/wp\/v2\/users\/2"}],"replies":[{"embeddable":true,"href":"https:\/\/www.tribunanf.com.br\/blogdoralfereis\/wp-json\/wp\/v2\/comments?post=2534"}],"version-history":[{"count":0,"href":"https:\/\/www.tribunanf.com.br\/blogdoralfereis\/wp-json\/wp\/v2\/posts\/2534\/revisions"}],"wp:featuredmedia":[{"embeddable":true,"href":"https:\/\/www.tribunanf.com.br\/blogdoralfereis\/wp-json\/wp\/v2\/media\/536"}],"wp:attachment":[{"href":"https:\/\/www.tribunanf.com.br\/blogdoralfereis\/wp-json\/wp\/v2\/media?parent=2534"}],"wp:term":[{"taxonomy":"category","embeddable":true,"href":"https:\/\/www.tribunanf.com.br\/blogdoralfereis\/wp-json\/wp\/v2\/categories?post=2534"},{"taxonomy":"post_tag","embeddable":true,"href":"https:\/\/www.tribunanf.com.br\/blogdoralfereis\/wp-json\/wp\/v2\/tags?post=2534"}],"curies":[{"name":"wp","href":"https:\/\/api.w.org\/{rel}","templated":true}]}}