{"id":2522,"date":"2019-08-19T09:39:44","date_gmt":"2019-08-19T12:39:44","guid":{"rendered":"http:\/\/www.tribunanf.com.br\/blogdoralfereis\/?p=2522"},"modified":"2019-08-19T09:39:44","modified_gmt":"2019-08-19T12:39:44","slug":"um-novo-nome-no-radar-da-lava-jato-no-rio","status":"publish","type":"post","link":"https:\/\/www.tribunanf.com.br\/blogdoralfereis\/2019\/08\/19\/um-novo-nome-no-radar-da-lava-jato-no-rio\/","title":{"rendered":"Um novo nome no radar da Lava Jato no Rio"},"content":{"rendered":"<figure id=\"attachment_106\" aria-describedby=\"caption-attachment-106\" style=\"width: 800px\" class=\"wp-caption aligncenter\"><img loading=\"lazy\" decoding=\"async\" class=\"size-full wp-image-106\" src=\"http:\/\/www.tribunanf.com.br\/blogdoralfereis\/wp-content\/uploads\/sites\/11\/2018\/06\/pf-lavajato-fabio-motta-estadao.jpg\" alt=\"\" width=\"800\" height=\"505\" srcset=\"https:\/\/www.tribunanf.com.br\/blogdoralfereis\/wp-content\/uploads\/sites\/11\/2018\/06\/pf-lavajato-fabio-motta-estadao.jpg 800w, https:\/\/www.tribunanf.com.br\/blogdoralfereis\/wp-content\/uploads\/sites\/11\/2018\/06\/pf-lavajato-fabio-motta-estadao-300x189.jpg 300w, https:\/\/www.tribunanf.com.br\/blogdoralfereis\/wp-content\/uploads\/sites\/11\/2018\/06\/pf-lavajato-fabio-motta-estadao-768x485.jpg 768w\" sizes=\"auto, (max-width: 800px) 100vw, 800px\" \/><figcaption id=\"caption-attachment-106\" class=\"wp-caption-text\">LAVA JATO \/ RIO<\/figcaption><\/figure>\n<p style=\"text-align: justify;\">O nome de um empres\u00e1rio com grande influ\u00eancia no governo de Wilson Witzel entrou para o radar da Lava Jato no Rio de Janeiro.<\/p>\n<p style=\"text-align: justify;\">Trata-se de M\u00e1rio Peixoto, que aos poucos vem se tornando um dos empres\u00e1rios de mais influ\u00eancia no governo Witzel, j\u00e1 figurou em dela\u00e7\u00f5es da Lava Jato.<\/p>\n<p style=\"text-align: justify;\">Jonas Lopes Neto, filho do ex-presidente do TCE do Rio de Janeiro, afirmou que recebia uma mesada do empres\u00e1rio.<\/p>\n<p style=\"text-align: justify;\">Fonte: \u00c9poca<\/p>\n<div class=\"block__advertising block__advertising-in-text\">\n<div class=\"block__advertising\">\n<div data-oglobo-advertising-format=\"in-text\"><\/div>\n<\/div>\n<\/div>\n","protected":false},"excerpt":{"rendered":"<p>O nome de um empres\u00e1rio com grande influ\u00eancia no governo de Wilson Witzel entrou para o radar da Lava Jato&#8230;<\/p>\n","protected":false},"author":2,"featured_media":106,"comment_status":"open","ping_status":"open","sticky":false,"template":"","format":"standard","meta":{"colormag_page_container_layout":"default_layout","colormag_page_sidebar_layout":"default_layout","jetpack_post_was_ever_published":false,"_jetpack_newsletter_access":"","_jetpack_dont_email_post_to_subs":false,"_jetpack_newsletter_tier_id":0,"_jetpack_memberships_contains_paywalled_content":false,"_jetpack_memberships_contains_paid_content":false,"footnotes":""},"categories":[2],"tags":[],"class_list":["post-2522","post","type-post","status-publish","format-standard","has-post-thumbnail","hentry","category-politica"],"jetpack_featured_media_url":"https:\/\/www.tribunanf.com.br\/blogdoralfereis\/wp-content\/uploads\/sites\/11\/2018\/06\/pf-lavajato-fabio-motta-estadao.jpg","jetpack_sharing_enabled":true,"_links":{"self":[{"href":"https:\/\/www.tribunanf.com.br\/blogdoralfereis\/wp-json\/wp\/v2\/posts\/2522","targetHints":{"allow":["GET"]}}],"collection":[{"href":"https:\/\/www.tribunanf.com.br\/blogdoralfereis\/wp-json\/wp\/v2\/posts"}],"about":[{"href":"https:\/\/www.tribunanf.com.br\/blogdoralfereis\/wp-json\/wp\/v2\/types\/post"}],"author":[{"embeddable":true,"href":"https:\/\/www.tribunanf.com.br\/blogdoralfereis\/wp-json\/wp\/v2\/users\/2"}],"replies":[{"embeddable":true,"href":"https:\/\/www.tribunanf.com.br\/blogdoralfereis\/wp-json\/wp\/v2\/comments?post=2522"}],"version-history":[{"count":0,"href":"https:\/\/www.tribunanf.com.br\/blogdoralfereis\/wp-json\/wp\/v2\/posts\/2522\/revisions"}],"wp:featuredmedia":[{"embeddable":true,"href":"https:\/\/www.tribunanf.com.br\/blogdoralfereis\/wp-json\/wp\/v2\/media\/106"}],"wp:attachment":[{"href":"https:\/\/www.tribunanf.com.br\/blogdoralfereis\/wp-json\/wp\/v2\/media?parent=2522"}],"wp:term":[{"taxonomy":"category","embeddable":true,"href":"https:\/\/www.tribunanf.com.br\/blogdoralfereis\/wp-json\/wp\/v2\/categories?post=2522"},{"taxonomy":"post_tag","embeddable":true,"href":"https:\/\/www.tribunanf.com.br\/blogdoralfereis\/wp-json\/wp\/v2\/tags?post=2522"}],"curies":[{"name":"wp","href":"https:\/\/api.w.org\/{rel}","templated":true}]}}