{"id":2519,"date":"2019-08-16T17:57:57","date_gmt":"2019-08-16T20:57:57","guid":{"rendered":"http:\/\/www.tribunanf.com.br\/blogdoralfereis\/?p=2519"},"modified":"2019-08-16T17:57:57","modified_gmt":"2019-08-16T20:57:57","slug":"terminal-de-quintanilha-e-desmontado-a-policia-acompanha","status":"publish","type":"post","link":"https:\/\/www.tribunanf.com.br\/blogdoralfereis\/2019\/08\/16\/terminal-de-quintanilha-e-desmontado-a-policia-acompanha\/","title":{"rendered":"Terminal de Quintanilha \u00e9 desmontado; a pol\u00edcia acompanha"},"content":{"rendered":"<p><img loading=\"lazy\" decoding=\"async\" class=\"aligncenter size-full wp-image-2520\" src=\"http:\/\/www.tribunanf.com.br\/blogdoralfereis\/wp-content\/uploads\/sites\/11\/2019\/08\/WhatsApp-Image-2019-08-16-at-13.11.00.jpeg\" alt=\"\" width=\"1024\" height=\"576\" srcset=\"https:\/\/www.tribunanf.com.br\/blogdoralfereis\/wp-content\/uploads\/sites\/11\/2019\/08\/WhatsApp-Image-2019-08-16-at-13.11.00.jpeg 1024w, https:\/\/www.tribunanf.com.br\/blogdoralfereis\/wp-content\/uploads\/sites\/11\/2019\/08\/WhatsApp-Image-2019-08-16-at-13.11.00-300x169.jpeg 300w, https:\/\/www.tribunanf.com.br\/blogdoralfereis\/wp-content\/uploads\/sites\/11\/2019\/08\/WhatsApp-Image-2019-08-16-at-13.11.00-768x432.jpeg 768w\" sizes=\"auto, (max-width: 1024px) 100vw, 1024px\" \/><\/p>\n<p style=\"text-align: justify;\">O terminal de \u00f4nibus provis\u00f3rio do novo sistema de transporte do presidente do IMTT Felipe Quintanilha, est\u00e1 sendo desmontado ap\u00f3s determina\u00e7\u00e3o do Departamento de Estradas e Rodagens (DER).<\/p>\n<p style=\"text-align: justify;\">A estrutura, de tendas e banheiro qu\u00edmico, foi montada no meio da RJ 216, que liga o Centro da cidade \u00e0 praia do Farol, na manh\u00e3 desta sexta-feira, sem autoriza\u00e7\u00e3o do DER-RJ, podendo at\u00e9 causar acidentes.<\/p>\n<p style=\"text-align: justify;\"><strong>*<a href=\"http:\/\/www.tribunanf.com.br\/blogdoralfereis\/2019\/08\/16\/o-terminal-de-quintanilha\/\">O terminal de Quintanilha<\/a><\/strong><\/p>\n<p style=\"text-align: justify;\">O desmonte da estrutura \u00e9 acompanhado por policiais do Batalh\u00e3o Rodovi\u00e1rio Estadual.<\/p>\n<div class=\"fb-video\" data-allowfullscreen=\"true\" data-href=\"https:\/\/www.facebook.com\/ariel.domingues.73\/videos\/473672173414190\/\" style=\"background-color: #fff; display: inline-block;\"><\/div>\n","protected":false},"excerpt":{"rendered":"<p>O terminal de \u00f4nibus provis\u00f3rio do novo sistema de transporte do presidente do IMTT Felipe Quintanilha, est\u00e1 sendo desmontado ap\u00f3s&#8230;<\/p>\n","protected":false},"author":2,"featured_media":2520,"comment_status":"open","ping_status":"open","sticky":false,"template":"","format":"standard","meta":{"colormag_page_container_layout":"default_layout","colormag_page_sidebar_layout":"default_layout","jetpack_post_was_ever_published":false,"_jetpack_newsletter_access":"","_jetpack_dont_email_post_to_subs":false,"_jetpack_newsletter_tier_id":0,"_jetpack_memberships_contains_paywalled_content":false,"_jetpack_memberships_contains_paid_content":false,"footnotes":""},"categories":[2],"tags":[],"class_list":["post-2519","post","type-post","status-publish","format-standard","has-post-thumbnail","hentry","category-politica"],"jetpack_featured_media_url":"https:\/\/www.tribunanf.com.br\/blogdoralfereis\/wp-content\/uploads\/sites\/11\/2019\/08\/WhatsApp-Image-2019-08-16-at-13.11.00.jpeg","jetpack_sharing_enabled":true,"_links":{"self":[{"href":"https:\/\/www.tribunanf.com.br\/blogdoralfereis\/wp-json\/wp\/v2\/posts\/2519","targetHints":{"allow":["GET"]}}],"collection":[{"href":"https:\/\/www.tribunanf.com.br\/blogdoralfereis\/wp-json\/wp\/v2\/posts"}],"about":[{"href":"https:\/\/www.tribunanf.com.br\/blogdoralfereis\/wp-json\/wp\/v2\/types\/post"}],"author":[{"embeddable":true,"href":"https:\/\/www.tribunanf.com.br\/blogdoralfereis\/wp-json\/wp\/v2\/users\/2"}],"replies":[{"embeddable":true,"href":"https:\/\/www.tribunanf.com.br\/blogdoralfereis\/wp-json\/wp\/v2\/comments?post=2519"}],"version-history":[{"count":0,"href":"https:\/\/www.tribunanf.com.br\/blogdoralfereis\/wp-json\/wp\/v2\/posts\/2519\/revisions"}],"wp:featuredmedia":[{"embeddable":true,"href":"https:\/\/www.tribunanf.com.br\/blogdoralfereis\/wp-json\/wp\/v2\/media\/2520"}],"wp:attachment":[{"href":"https:\/\/www.tribunanf.com.br\/blogdoralfereis\/wp-json\/wp\/v2\/media?parent=2519"}],"wp:term":[{"taxonomy":"category","embeddable":true,"href":"https:\/\/www.tribunanf.com.br\/blogdoralfereis\/wp-json\/wp\/v2\/categories?post=2519"},{"taxonomy":"post_tag","embeddable":true,"href":"https:\/\/www.tribunanf.com.br\/blogdoralfereis\/wp-json\/wp\/v2\/tags?post=2519"}],"curies":[{"name":"wp","href":"https:\/\/api.w.org\/{rel}","templated":true}]}}