{"id":2407,"date":"2019-07-30T19:30:03","date_gmt":"2019-07-30T22:30:03","guid":{"rendered":"http:\/\/www.tribunanf.com.br\/blogdoralfereis\/?p=2407"},"modified":"2019-07-30T19:32:29","modified_gmt":"2019-07-30T22:32:29","slug":"witzel-realiza-primeiro-forum-permanente-com-prefeitos-rafael-diniz-participa-do-encontro","status":"publish","type":"post","link":"https:\/\/www.tribunanf.com.br\/blogdoralfereis\/2019\/07\/30\/witzel-realiza-primeiro-forum-permanente-com-prefeitos-rafael-diniz-participa-do-encontro\/","title":{"rendered":"Witzel realiza primeiro F\u00f3rum Permanente com prefeitos; Rafael Diniz participa do encontro"},"content":{"rendered":"<p><img loading=\"lazy\" decoding=\"async\" class=\"aligncenter size-full wp-image-2408\" src=\"http:\/\/www.tribunanf.com.br\/blogdoralfereis\/wp-content\/uploads\/sites\/11\/2019\/07\/936Governo-do-Estado-realiza-primeiro-F\u00f3rum-Permanente-com-prefeitos-2.jpeg\" alt=\"\" width=\"1024\" height=\"683\" srcset=\"https:\/\/www.tribunanf.com.br\/blogdoralfereis\/wp-content\/uploads\/sites\/11\/2019\/07\/936Governo-do-Estado-realiza-primeiro-F\u00f3rum-Permanente-com-prefeitos-2.jpeg 1024w, https:\/\/www.tribunanf.com.br\/blogdoralfereis\/wp-content\/uploads\/sites\/11\/2019\/07\/936Governo-do-Estado-realiza-primeiro-F\u00f3rum-Permanente-com-prefeitos-2-300x200.jpeg 300w, https:\/\/www.tribunanf.com.br\/blogdoralfereis\/wp-content\/uploads\/sites\/11\/2019\/07\/936Governo-do-Estado-realiza-primeiro-F\u00f3rum-Permanente-com-prefeitos-2-768x512.jpeg 768w\" sizes=\"auto, (max-width: 1024px) 100vw, 1024px\" \/><\/p>\n<p style=\"text-align: justify;\">O Governo do Estado promoveu, nesta ter\u00e7a-feira (30\/7), o primeiro F\u00f3rum Permanente do Executivo Estadual, no Pal\u00e1cio Guanabara. O encontro, que reuniu 79 prefeitos fluminenses, teve o objetivo de ampliar a interlocu\u00e7\u00e3o entre o governo estadual e as prefeituras para garantir a execu\u00e7\u00e3o de projetos que atendam \u00e0s demandas das cidades. A pr\u00f3xima reuni\u00e3o de trabalho est\u00e1 prevista para o m\u00eas de dezembro.<\/p>\n<p style=\"text-align: justify;\">\u2013 \u00c9 a primeira vez que um f\u00f3rum como este \u00e9 realizado, uma reuni\u00e3o apartid\u00e1ria, sem ideologia e com foco na popula\u00e7\u00e3o do Estado do Rio de Janeiro. Foi uma reuni\u00e3o importante, onde os prefeitos puderam falar sobre suas demandas para que possamos levar propostas ao presidente da C\u00e2mara dos Deputados, Rodrigo Maia, por exemplo, acelerando assim o repasse de emendas constitucionais. Tamb\u00e9m discutimos iniciativas nas \u00e1reas de saneamento, turismo, agricultura, entre outras \u2013 explicou o governador Wilson Witzel.<\/p>\n<p style=\"text-align: justify;\"><strong>Prefeito de Campos participa do encontro<\/strong><\/p>\n<p style=\"text-align: justify;\">Em rede social, o prefeito Rafael Diniz comentou sobre o encontro e destacou a import\u00e2ncia do di\u00e1logo para o desenvolvimento da cidade.<\/p>\n<p style=\"text-align: justify;\">\u2013 Hoje estivemos reunidos com o governador do Rio de Janeiro, Wilson Witzel, tratando de temas importantes como Educa\u00e7\u00e3o, seguran\u00e7a e sa\u00fade e principalmente em rela\u00e7\u00e3o \u00e0 redistribui\u00e7\u00e3o dos royalties, tema delicado que ser\u00e1 julgado em novembro no STF e que temos acompanhado de perto. O di\u00e1logo \u00e9 essencial para o desenvolvimento da nossa cidade e fortalecimento do nosso estado &#8211; disse Rafael.<\/p>\n<p style=\"text-align: justify;\">Tamb\u00e9m participaram do f\u00f3rum o vice-governador Cl<span class=\"gmail_default\">a<\/span>udio Castro<span class=\"gmail_default\">\u00a0e\u00a0<\/span>o<span class=\"gmail_default\">s<\/span>\u00a0secret\u00e1rio<span class=\"gmail_default\">s<\/span>\u00a0da Casa Civil e Governan\u00e7a, Jos\u00e9 Luis Zamith, de Educa\u00e7\u00e3o, Pedro Fernandes, de Sa\u00fade, Edmar Santos, e de Governo, Cleiton Rodrigues.<\/p>\n<p><img loading=\"lazy\" decoding=\"async\" class=\"aligncenter size-full wp-image-2409\" src=\"http:\/\/www.tribunanf.com.br\/blogdoralfereis\/wp-content\/uploads\/sites\/11\/2019\/07\/rafael-e-witzel.png\" alt=\"\" width=\"564\" height=\"604\" srcset=\"https:\/\/www.tribunanf.com.br\/blogdoralfereis\/wp-content\/uploads\/sites\/11\/2019\/07\/rafael-e-witzel.png 564w, https:\/\/www.tribunanf.com.br\/blogdoralfereis\/wp-content\/uploads\/sites\/11\/2019\/07\/rafael-e-witzel-280x300.png 280w\" sizes=\"auto, (max-width: 564px) 100vw, 564px\" \/><\/p>\n","protected":false},"excerpt":{"rendered":"<p>O Governo do Estado promoveu, nesta ter\u00e7a-feira (30\/7), o primeiro F\u00f3rum Permanente do Executivo Estadual, no Pal\u00e1cio Guanabara. O encontro,&#8230;<\/p>\n","protected":false},"author":2,"featured_media":2408,"comment_status":"open","ping_status":"open","sticky":false,"template":"","format":"standard","meta":{"colormag_page_container_layout":"default_layout","colormag_page_sidebar_layout":"default_layout","jetpack_post_was_ever_published":false,"_jetpack_newsletter_access":"","_jetpack_dont_email_post_to_subs":false,"_jetpack_newsletter_tier_id":0,"_jetpack_memberships_contains_paywalled_content":false,"_jetpack_memberships_contains_paid_content":false,"footnotes":""},"categories":[2],"tags":[],"class_list":["post-2407","post","type-post","status-publish","format-standard","has-post-thumbnail","hentry","category-politica"],"jetpack_featured_media_url":"https:\/\/www.tribunanf.com.br\/blogdoralfereis\/wp-content\/uploads\/sites\/11\/2019\/07\/936Governo-do-Estado-realiza-primeiro-F\u00f3rum-Permanente-com-prefeitos-2.jpeg","jetpack_sharing_enabled":true,"_links":{"self":[{"href":"https:\/\/www.tribunanf.com.br\/blogdoralfereis\/wp-json\/wp\/v2\/posts\/2407","targetHints":{"allow":["GET"]}}],"collection":[{"href":"https:\/\/www.tribunanf.com.br\/blogdoralfereis\/wp-json\/wp\/v2\/posts"}],"about":[{"href":"https:\/\/www.tribunanf.com.br\/blogdoralfereis\/wp-json\/wp\/v2\/types\/post"}],"author":[{"embeddable":true,"href":"https:\/\/www.tribunanf.com.br\/blogdoralfereis\/wp-json\/wp\/v2\/users\/2"}],"replies":[{"embeddable":true,"href":"https:\/\/www.tribunanf.com.br\/blogdoralfereis\/wp-json\/wp\/v2\/comments?post=2407"}],"version-history":[{"count":0,"href":"https:\/\/www.tribunanf.com.br\/blogdoralfereis\/wp-json\/wp\/v2\/posts\/2407\/revisions"}],"wp:featuredmedia":[{"embeddable":true,"href":"https:\/\/www.tribunanf.com.br\/blogdoralfereis\/wp-json\/wp\/v2\/media\/2408"}],"wp:attachment":[{"href":"https:\/\/www.tribunanf.com.br\/blogdoralfereis\/wp-json\/wp\/v2\/media?parent=2407"}],"wp:term":[{"taxonomy":"category","embeddable":true,"href":"https:\/\/www.tribunanf.com.br\/blogdoralfereis\/wp-json\/wp\/v2\/categories?post=2407"},{"taxonomy":"post_tag","embeddable":true,"href":"https:\/\/www.tribunanf.com.br\/blogdoralfereis\/wp-json\/wp\/v2\/tags?post=2407"}],"curies":[{"name":"wp","href":"https:\/\/api.w.org\/{rel}","templated":true}]}}